{"id":5113,"date":"2018-05-03T14:17:08","date_gmt":"2018-05-03T12:17:08","guid":{"rendered":"http:\/\/meier-gerdingh.de\/wp-spd-ob\/?p=5113"},"modified":"2018-07-27T15:09:16","modified_gmt":"2018-07-27T13:09:16","slug":"spd-ortsverein-osterfeld-laedt-alle-buergerinnen-und-buerger-zum-osterfelder-ohr-in-den-revierpark-vonderort-ein","status":"publish","type":"post","link":"https:\/\/meier-gerdingh.de\/wp-spd-ob\/2018\/05\/03\/spd-ortsverein-osterfeld-laedt-alle-buergerinnen-und-buerger-zum-osterfelder-ohr-in-den-revierpark-vonderort-ein\/","title":{"rendered":"SPD-Ortsverein Osterfeld l\u00e4dt alle B\u00fcrgerinnen und B\u00fcrger zum &#8222;Osterfelder Ohr&#8220; in den Revierpark Vonderort ein"},"content":{"rendered":"<div id=\"attachment_5112\" style=\"width: 210px\" class=\"wp-caption alignleft\"><a href=\"http:\/\/meier-gerdingh.de\/wp-spd-ob\/wp-content\/uploads\/2018\/05\/osterfelder_ohr.jpg\"><img aria-describedby=\"caption-attachment-5112\" decoding=\"async\" class=\"size-full wp-image-5112\" src=\"http:\/\/meier-gerdingh.de\/wp-spd-ob\/wp-content\/uploads\/2018\/05\/osterfelder_ohr.jpg\" alt=\"\" width=\"200\" height=\"245\" \/><\/a><p id=\"caption-attachment-5112\" class=\"wp-caption-text\">Die SPD-B\u00fcrgerbefragung &#8222;Osterfelder Ohr&#8220; macht Station im Revierpark Vonderort<\/p><\/div>\n<p>Seit Jahren veranstaltet der Ortsverein Osterfeld der SPD in regelm\u00e4\u00dfigen Abst\u00e4nden B\u00fcrgerbefragungen zu verschiedenen Themen. So fand im letzten Jahr z.B. eine B\u00fcrgerbefragung zum Thema &#8222;Parksituation in Osterfeld Mitte&#8220; statt. Die Anregungen der Menschen in Osterfeld werden ernst genommen und in Gremien wie der Bezirksvertretung oder dem Rat der Stadt eingebracht und diskutiert.<\/p>\n<p>Dieses Mal wollen wir mit Besucherinnen und Besuchern des Revierparks Vonderort vor Ort \u00fcber die <strong>&#8222;Gestaltung des Revierparks&#8220;<\/strong> diskutieren. Dazu laden wir alle Interessierten an unseren Osterfelder-Ohr-Stand am Sonntag, <strong>6. Mai 2018, ab 13.00 Uhr<\/strong>, herzlich ein.<!--more--><\/p>\n<p>Der Stand befindet sich auf der <strong>Wiese unterhalb des Freizeithauses<\/strong>. Wir freuen uns \u00fcber eine angeregte Diskussion.<\/p>\n","protected":false},"excerpt":{"rendered":"<p>Seit Jahren veranstaltet der Ortsverein Osterfeld der SPD in regelm\u00e4\u00dfigen Abst\u00e4nden B\u00fcrgerbefragungen zu verschiedenen Themen. So fand im letzten Jahr z.B. eine B\u00fcrgerbefragung zum Thema &#8222;Parksituation in Osterfeld Mitte&#8220; statt.&hellip; <\/p>\n","protected":false},"author":1,"featured_media":0,"comment_status":"closed","ping_status":"closed","sticky":false,"template":"","format":"standard","meta":{"footnotes":""},"categories":[173],"tags":[1543,1542,189],"quellen":[339],"class_list":["post-5113","post","type-post","status-publish","format-standard","hentry","category-parteileben","tag-buergerbefragung","tag-osterfelder-ohr","tag-revierpark-vonderort","quellen-ov-osterfeld"],"_links":{"self":[{"href":"https:\/\/meier-gerdingh.de\/wp-spd-ob\/wp-json\/wp\/v2\/posts\/5113","targetHints":{"allow":["GET"]}}],"collection":[{"href":"https:\/\/meier-gerdingh.de\/wp-spd-ob\/wp-json\/wp\/v2\/posts"}],"about":[{"href":"https:\/\/meier-gerdingh.de\/wp-spd-ob\/wp-json\/wp\/v2\/types\/post"}],"author":[{"embeddable":true,"href":"https:\/\/meier-gerdingh.de\/wp-spd-ob\/wp-json\/wp\/v2\/users\/1"}],"replies":[{"embeddable":true,"href":"https:\/\/meier-gerdingh.de\/wp-spd-ob\/wp-json\/wp\/v2\/comments?post=5113"}],"version-history":[{"count":0,"href":"https:\/\/meier-gerdingh.de\/wp-spd-ob\/wp-json\/wp\/v2\/posts\/5113\/revisions"}],"wp:attachment":[{"href":"https:\/\/meier-gerdingh.de\/wp-spd-ob\/wp-json\/wp\/v2\/media?parent=5113"}],"wp:term":[{"taxonomy":"category","embeddable":true,"href":"https:\/\/meier-gerdingh.de\/wp-spd-ob\/wp-json\/wp\/v2\/categories?post=5113"},{"taxonomy":"post_tag","embeddable":true,"href":"https:\/\/meier-gerdingh.de\/wp-spd-ob\/wp-json\/wp\/v2\/tags?post=5113"},{"taxonomy":"quellen","embeddable":true,"href":"https:\/\/meier-gerdingh.de\/wp-spd-ob\/wp-json\/wp\/v2\/quellen?post=5113"}],"curies":[{"name":"wp","href":"https:\/\/api.w.org\/{rel}","templated":true}]}}