{"id":5114,"date":"2018-05-03T17:36:57","date_gmt":"2018-05-03T15:36:57","guid":{"rendered":"http:\/\/meier-gerdingh.de\/wp-spd-ob\/?p=5114"},"modified":"2018-05-04T08:46:35","modified_gmt":"2018-05-04T06:46:35","slug":"spd-fraktion-ruegt-teure-polit-show","status":"publish","type":"post","link":"https:\/\/meier-gerdingh.de\/wp-spd-ob\/2018\/05\/03\/spd-fraktion-ruegt-teure-polit-show\/","title":{"rendered":"SPD-Fraktion r\u00fcgt teure Polit-Show"},"content":{"rendered":"<div id=\"attachment_1410\" style=\"width: 150px\" class=\"wp-caption alignleft\"><a href=\"http:\/\/meier-gerdingh.de\/wp-spd-ob\/wp-content\/uploads\/grosse_broemer_wolfgang_14.jpg\"><img aria-describedby=\"caption-attachment-1410\" decoding=\"async\" class=\"size-full wp-image-1410\" src=\"http:\/\/meier-gerdingh.de\/wp-spd-ob\/wp-content\/uploads\/grosse_broemer_wolfgang_14.jpg\" alt=\"\" width=\"140\" height=\"169\" \/><\/a><p id=\"caption-attachment-1410\" class=\"wp-caption-text\">Wolfgang Gro\u00dfe Br\u00f6mer ist Vorsitzender der SPD-Ratsfraktion<\/p><\/div>\n<p>Es halfen weder der Hinweis auf die Planungen des Regionalverbands Ruhr (RVR) in Sachen Radverkehr samt Einladung zum Pr\u00e4sentationstermin, noch der auf die angespannte Haushaltslage der Stadt: Gegen die Stimmen der Koalition ist am Mittwoch im Rat von einer Allianz aus CDU, Linken sowie BOB und dessen Abspaltungen ein Antrag verabschiedet worden, der nicht nur v\u00f6llig \u00fcberfl\u00fcssig ist, sondern die Stadt auch eine Stange Geld kosten k\u00f6nnte.<\/p>\n<p>Am Ende einer Ratsdebatte, in der Wunschdenken die Fakten geschlagen hat, wurde die Verwaltung beauftragt, eine Machbarkeitsstudie zum &#8222;Radschnellweg Westliches Ruhrgebiet&#8220; erstellen zu lassen. Kostenpunkt: Unbekannt.<!--more--><\/p>\n<p>Dies ist just an dem Tag geschehen, an dem die Parteien im Rat eine Einladung des Regionalverbands Ruhr zu &#8222;regionalen Teilraumkonferenzen&#8220; erreicht hat: Noch im Mai wird Vertretern der Kommunen und Kreise ein Entwurf des Radwegenetzes f\u00fcr den Alltagsradverkehr pr\u00e4sentiert. Darin sind mehrere Oberhausener Radschnellverbindungen mit Verbindungen in s\u00e4mtliche Nachbarst\u00e4dte vorgesehen. Erste Ergebnisse wurden bereits in der RVR-Verbandsversammlung im M\u00e4rz vorgestellt, unbekannt sind diese Pl\u00e4ne also nicht.<\/p>\n<p>&#8222;So sieht also verantwortungsvolle Politik im Sinne der Oberhausener CDU aus&#8220;, kritisiert SPD-Fraktionschef Wolfgang Gro\u00dfe Br\u00f6mer. &#8222;Da wird eine Studie, die wohl kaum jemand kostenlos erstellen wird, in Auftrag gegeben, obwohl der RVR seit September 2016 nachweislich an dem Thema arbeitet und die Ergebnisse in wenigen Wochen pr\u00e4sentiert. Ginge es der CDU um die Sache, h\u00e4tte sie den Antrag zur\u00fcckgezogen und wenigstens die Pr\u00e4sentation des RVR abgewartet.&#8220;<\/p>\n<p>Doch die Motive, so Gro\u00dfe Br\u00f6mer, waren anderer Natur. &#8222;Das Hochgef\u00fchl, gemeinsam mit BOB und dem, was davon \u00fcbrig geblieben ist, den Linken und der Stimme des Oberb\u00fcrgermeisters die Koalition zu \u00fcberstimmen, hat in den Reihen der CDU f\u00fcr Vernunft offenbar keinen Platz gelassen.&#8220;<\/p>\n<p>Zum dritten Mal war es im Rat zu der bemerkenswerten Konstellation gekommen, dass von der Linken Liste bis zum Oberb\u00fcrgermeister alle Gruppen, Fraktionen und Einzelpersonen au\u00dferhalb der Ratskoalition f\u00fcr einen CDU-Antrag votierten.<\/p>\n<p>&#8222;Auch wenn man bei Daniel Schranz eine gewisse Solidarit\u00e4t f\u00fcr seine Amtsnachfolgerin in der CDU-Fraktion, Simone-Tatjana Stehr, unterstellen will, so hat er als Oberb\u00fcrgermeister doch die Interessen der Stadt zu wahren, und das hat er mit diesem Votum nicht getan&#8220;, kritisiert der SPD-Fraktionschef.<\/p>\n<p>&#8222;Bei BOB und allen Nachfolgern mag ja die fehlende politische Orientierung daf\u00fcr sorgen, dass sie sich um den Oberb\u00fcrgermeister scharen. Wie die Linken ihrer W\u00e4hlerschaft die regelm\u00e4\u00dfige Unterst\u00fctzung von CDU-Positionen erkl\u00e4ren wollen, vor allem wenn es wie bei diesem Show-Antrag nur um deren Profilierung geht, bleibt wohl das Geheimnis von Herrn Karacelik&#8220;, so Gro\u00dfe Br\u00f6mer.<\/p>\n","protected":false},"excerpt":{"rendered":"<p>Es halfen weder der Hinweis auf die Planungen des Regionalverbands Ruhr (RVR) in Sachen Radverkehr samt Einladung zum Pr\u00e4sentationstermin, noch der auf die angespannte Haushaltslage der Stadt: Gegen die Stimmen&hellip; <\/p>\n","protected":false},"author":1,"featured_media":0,"comment_status":"closed","ping_status":"closed","sticky":false,"template":"","format":"standard","meta":{"footnotes":""},"categories":[27],"tags":[526,1547,1545,1546],"quellen":[326],"class_list":["post-5114","post","type-post","status-publish","format-standard","hentry","category-planen-bauen-wohnen-verkehr","tag-ampelkoalition","tag-radschnellweg","tag-radverkehr","tag-regionalverband-ruhr-rvr","quellen-spd-fraktion-oberhausen"],"_links":{"self":[{"href":"https:\/\/meier-gerdingh.de\/wp-spd-ob\/wp-json\/wp\/v2\/posts\/5114","targetHints":{"allow":["GET"]}}],"collection":[{"href":"https:\/\/meier-gerdingh.de\/wp-spd-ob\/wp-json\/wp\/v2\/posts"}],"about":[{"href":"https:\/\/meier-gerdingh.de\/wp-spd-ob\/wp-json\/wp\/v2\/types\/post"}],"author":[{"embeddable":true,"href":"https:\/\/meier-gerdingh.de\/wp-spd-ob\/wp-json\/wp\/v2\/users\/1"}],"replies":[{"embeddable":true,"href":"https:\/\/meier-gerdingh.de\/wp-spd-ob\/wp-json\/wp\/v2\/comments?post=5114"}],"version-history":[{"count":0,"href":"https:\/\/meier-gerdingh.de\/wp-spd-ob\/wp-json\/wp\/v2\/posts\/5114\/revisions"}],"wp:attachment":[{"href":"https:\/\/meier-gerdingh.de\/wp-spd-ob\/wp-json\/wp\/v2\/media?parent=5114"}],"wp:term":[{"taxonomy":"category","embeddable":true,"href":"https:\/\/meier-gerdingh.de\/wp-spd-ob\/wp-json\/wp\/v2\/categories?post=5114"},{"taxonomy":"post_tag","embeddable":true,"href":"https:\/\/meier-gerdingh.de\/wp-spd-ob\/wp-json\/wp\/v2\/tags?post=5114"},{"taxonomy":"quellen","embeddable":true,"href":"https:\/\/meier-gerdingh.de\/wp-spd-ob\/wp-json\/wp\/v2\/quellen?post=5114"}],"curies":[{"name":"wp","href":"https:\/\/api.w.org\/{rel}","templated":true}]}}