{"id":5125,"date":"2018-05-17T18:10:03","date_gmt":"2018-05-17T16:10:03","guid":{"rendered":"http:\/\/meier-gerdingh.de\/wp-spd-ob\/?p=5125"},"modified":"2018-07-31T17:33:07","modified_gmt":"2018-07-31T15:33:07","slug":"ov-alsfeld-holten-laedt-ein-zum-buergerstammtisch-mit-ercan-telli","status":"publish","type":"post","link":"https:\/\/meier-gerdingh.de\/wp-spd-ob\/2018\/05\/17\/ov-alsfeld-holten-laedt-ein-zum-buergerstammtisch-mit-ercan-telli\/","title":{"rendered":"OV Alsfeld-Holten l\u00e4dt ein zum B\u00fcrgerstammtisch mit Ercan Telli"},"content":{"rendered":"<div id=\"attachment_1654\" style=\"width: 150px\" class=\"wp-caption alignleft\"><a href=\"http:\/\/meier-gerdingh.de\/wp-spd-ob\/wp-content\/uploads\/telli_ercan_09.jpg\"><img aria-describedby=\"caption-attachment-1654\" decoding=\"async\" class=\"size-full wp-image-1654\" src=\"http:\/\/meier-gerdingh.de\/wp-spd-ob\/wp-content\/uploads\/telli_ercan_09.jpg\" alt=\"\" width=\"140\" height=\"169\" \/><\/a><p id=\"caption-attachment-1654\" class=\"wp-caption-text\">Ercan Telli ist sozialpolitischer Sprecher der SPD-Fraktion<\/p><\/div>\n<p>Der SPD-Ortsverein Alsfeld-Holten l\u00e4dt zu einem weiteren &#8222;B\u00fcrgerstammtisch&#8220; am 24. Mai ein. Es referiert der sozialpolitische Sprecher der Oberhausener SPD-Ratsfraktion Ercan Telli zum Thema: &#8222;Von der kommunalen Sozialpolitik zur sozialen Kommunalpolitik&#8220;.<\/p>\n<p>Ercan Telli informiert \u00fcber soziale Kommunalpolitik, moderne Sozialpolitik, altengerechte Quartiere sowie Auskunft\u2013 und Anlaufstellen f\u00fcr Hilfesuchende. Bei der anschlie\u00dfenden Diskussion k\u00f6nnen nat\u00fcrlich auch Fragen gestellt werden.<!--more--><\/p>\n<p>Die Begr\u00fc\u00dfung und Moderation erfolgt durch den Stadtverordneten Helmut Brodrick und den Vorsitzenden des SPD-Ortsvereins Alsfeld-Holten Helmuth Eidam.<\/p>\n<p>Der Stammtisch findet statt am:<\/p>\n<p><strong>Donnerstag\u00a0\u00a0|\u00a0\u00a024. Mai 2018\u00a0\u00a0|\u00a0\u00a019.00 Uhr<br \/>\nGasthof &#8222;Alt Holten&#8220;\u00a0\u00a0|\u00a0\u00a0Wasserstra\u00dfe 32\u00a0\u00a0|\u00a0\u00a046147 Oberhausen<\/strong><\/p>\n","protected":false},"excerpt":{"rendered":"<p>Der SPD-Ortsverein Alsfeld-Holten l\u00e4dt zu einem weiteren &#8222;B\u00fcrgerstammtisch&#8220; am 24. Mai ein. Es referiert der sozialpolitische Sprecher der Oberhausener SPD-Ratsfraktion Ercan Telli zum Thema: &#8222;Von der kommunalen Sozialpolitik zur sozialen&hellip; <\/p>\n","protected":false},"author":1,"featured_media":0,"comment_status":"closed","ping_status":"closed","sticky":false,"template":"","format":"standard","meta":{"footnotes":""},"categories":[174],"tags":[1553,1164,1552],"quellen":[336],"class_list":["post-5125","post","type-post","status-publish","format-standard","hentry","category-arbeit-und-soziales","tag-altengerechtes-wohnen","tag-buergerstammtisch-holten","tag-kommunale-sozialpolitik","quellen-ov-alsfeld-holten"],"_links":{"self":[{"href":"https:\/\/meier-gerdingh.de\/wp-spd-ob\/wp-json\/wp\/v2\/posts\/5125","targetHints":{"allow":["GET"]}}],"collection":[{"href":"https:\/\/meier-gerdingh.de\/wp-spd-ob\/wp-json\/wp\/v2\/posts"}],"about":[{"href":"https:\/\/meier-gerdingh.de\/wp-spd-ob\/wp-json\/wp\/v2\/types\/post"}],"author":[{"embeddable":true,"href":"https:\/\/meier-gerdingh.de\/wp-spd-ob\/wp-json\/wp\/v2\/users\/1"}],"replies":[{"embeddable":true,"href":"https:\/\/meier-gerdingh.de\/wp-spd-ob\/wp-json\/wp\/v2\/comments?post=5125"}],"version-history":[{"count":0,"href":"https:\/\/meier-gerdingh.de\/wp-spd-ob\/wp-json\/wp\/v2\/posts\/5125\/revisions"}],"wp:attachment":[{"href":"https:\/\/meier-gerdingh.de\/wp-spd-ob\/wp-json\/wp\/v2\/media?parent=5125"}],"wp:term":[{"taxonomy":"category","embeddable":true,"href":"https:\/\/meier-gerdingh.de\/wp-spd-ob\/wp-json\/wp\/v2\/categories?post=5125"},{"taxonomy":"post_tag","embeddable":true,"href":"https:\/\/meier-gerdingh.de\/wp-spd-ob\/wp-json\/wp\/v2\/tags?post=5125"},{"taxonomy":"quellen","embeddable":true,"href":"https:\/\/meier-gerdingh.de\/wp-spd-ob\/wp-json\/wp\/v2\/quellen?post=5125"}],"curies":[{"name":"wp","href":"https:\/\/api.w.org\/{rel}","templated":true}]}}