{"id":5131,"date":"2018-05-17T17:58:51","date_gmt":"2018-05-17T15:58:51","guid":{"rendered":"http:\/\/meier-gerdingh.de\/wp-spd-ob\/?p=5131"},"modified":"2018-05-17T18:01:06","modified_gmt":"2018-05-17T16:01:06","slug":"landesregierung-muss-an-der-seite-der-ghh-rand-beschaeftigten-stehen","status":"publish","type":"post","link":"https:\/\/meier-gerdingh.de\/wp-spd-ob\/2018\/05\/17\/landesregierung-muss-an-der-seite-der-ghh-rand-beschaeftigten-stehen\/","title":{"rendered":"Landesregierung muss an der Seite der GHH-Rand-Besch\u00e4ftigten stehen"},"content":{"rendered":"<div id=\"attachment_4242\" style=\"width: 150px\" class=\"wp-caption alignleft\"><a href=\"http:\/\/meier-gerdingh.de\/wp-spd-ob\/wp-content\/uploads\/2017\/05\/zimkeit_stefan_17.jpg\"><img aria-describedby=\"caption-attachment-4242\" decoding=\"async\" class=\"size-full wp-image-4242\" src=\"http:\/\/meier-gerdingh.de\/wp-spd-ob\/wp-content\/uploads\/2017\/05\/zimkeit_stefan_17.jpg\" alt=\"\" width=\"140\" height=\"192\" \/><\/a><p id=\"caption-attachment-4242\" class=\"wp-caption-text\">Stefan Zimkeit ist Landtagsabgeordneter f\u00fcr Oberhausen-Sterkrade und Dinslaken sowie finanzpolitischer Sprecher der SPD-Landtagsfraktion<\/p><\/div>\n<p>Stefan Zimkeit (SPD) fordert die NRW-Landesregierung auf, die Anliegen der GHH-Rand-Besch\u00e4ftigten zu unterst\u00fctzen. &#8222;Leider gab es in der Landtagssitzung keine M\u00f6glichkeit, dar\u00fcber zu diskutieren&#8220;, zeigt sich Sterkrades Abgeordneter entt\u00e4uscht \u00fcber die Entscheidung von Landtagspr\u00e4sident Andr\u00e9 Kuper (CDU).<\/p>\n<p>&#8222;Die SPD hatte beantragt, eine Debatte \u00fcber die Zukunft der Industrie in NRW zu f\u00fchren, bei der es auch um GHH Rand gegangen w\u00e4re&#8220;, berichtet Stefan Zimkeit. Dieser Tagesordnungsantrag ist abgelehnt worden.<!--more--><\/p>\n<p>Zimkeit vermutet, dass die schwarz-gelbe Regierung weder Ideen noch Konzepte f\u00fcr die industriepolitische Zukunft des Landes hat. &#8222;Deswegen geht sie dem Thema durch Diskussionsverweigerung aus dem Wege. Das ist gegen\u00fcber den betroffenen Arbeitnehmerinnen und Arbeitnehmern mehr als r\u00fccksichtlos&#8220;, kritisiert er.<\/p>\n<p>Mit ihrem Verhalten mache sich die Landesregierung zum Komplizen von Unternehmensentscheidungen, die von Profitgier getrieben sind, so Stefan Zimkeit.<\/p>\n","protected":false},"excerpt":{"rendered":"<p>Stefan Zimkeit (SPD) fordert die NRW-Landesregierung auf, die Anliegen der GHH-Rand-Besch\u00e4ftigten zu unterst\u00fctzen. &#8222;Leider gab es in der Landtagssitzung keine M\u00f6glichkeit, dar\u00fcber zu diskutieren&#8220;, zeigt sich Sterkrades Abgeordneter entt\u00e4uscht \u00fcber&hellip; <\/p>\n","protected":false},"author":1,"featured_media":0,"comment_status":"closed","ping_status":"closed","sticky":false,"template":"","format":"standard","meta":{"footnotes":""},"categories":[174,216],"tags":[1449,1450,219],"quellen":[331],"class_list":["post-5131","post","type-post","status-publish","format-standard","hentry","category-arbeit-und-soziales","category-land","tag-ghh-rand","tag-industriearbeitsplaetze","tag-landtag-nrw","quellen-mdl-stefan-zimkeit"],"_links":{"self":[{"href":"https:\/\/meier-gerdingh.de\/wp-spd-ob\/wp-json\/wp\/v2\/posts\/5131","targetHints":{"allow":["GET"]}}],"collection":[{"href":"https:\/\/meier-gerdingh.de\/wp-spd-ob\/wp-json\/wp\/v2\/posts"}],"about":[{"href":"https:\/\/meier-gerdingh.de\/wp-spd-ob\/wp-json\/wp\/v2\/types\/post"}],"author":[{"embeddable":true,"href":"https:\/\/meier-gerdingh.de\/wp-spd-ob\/wp-json\/wp\/v2\/users\/1"}],"replies":[{"embeddable":true,"href":"https:\/\/meier-gerdingh.de\/wp-spd-ob\/wp-json\/wp\/v2\/comments?post=5131"}],"version-history":[{"count":0,"href":"https:\/\/meier-gerdingh.de\/wp-spd-ob\/wp-json\/wp\/v2\/posts\/5131\/revisions"}],"wp:attachment":[{"href":"https:\/\/meier-gerdingh.de\/wp-spd-ob\/wp-json\/wp\/v2\/media?parent=5131"}],"wp:term":[{"taxonomy":"category","embeddable":true,"href":"https:\/\/meier-gerdingh.de\/wp-spd-ob\/wp-json\/wp\/v2\/categories?post=5131"},{"taxonomy":"post_tag","embeddable":true,"href":"https:\/\/meier-gerdingh.de\/wp-spd-ob\/wp-json\/wp\/v2\/tags?post=5131"},{"taxonomy":"quellen","embeddable":true,"href":"https:\/\/meier-gerdingh.de\/wp-spd-ob\/wp-json\/wp\/v2\/quellen?post=5131"}],"curies":[{"name":"wp","href":"https:\/\/api.w.org\/{rel}","templated":true}]}}