{"id":5132,"date":"2018-05-19T21:49:13","date_gmt":"2018-05-19T19:49:13","guid":{"rendered":"http:\/\/meier-gerdingh.de\/wp-spd-ob\/?p=5132"},"modified":"2018-05-19T21:49:55","modified_gmt":"2018-05-19T19:49:55","slug":"stillstand-auf-rastplatz-baustelle-schwarze-heide","status":"publish","type":"post","link":"https:\/\/meier-gerdingh.de\/wp-spd-ob\/2018\/05\/19\/stillstand-auf-rastplatz-baustelle-schwarze-heide\/","title":{"rendered":"Stillstand auf Rastplatz-Baustelle Schwarze Heide"},"content":{"rendered":"<div id=\"attachment_4242\" style=\"width: 150px\" class=\"wp-caption alignleft\"><a href=\"http:\/\/meier-gerdingh.de\/wp-spd-ob\/wp-content\/uploads\/2017\/05\/zimkeit_stefan_17.jpg\"><img aria-describedby=\"caption-attachment-4242\" decoding=\"async\" class=\"size-full wp-image-4242\" src=\"http:\/\/meier-gerdingh.de\/wp-spd-ob\/wp-content\/uploads\/2017\/05\/zimkeit_stefan_17.jpg\" alt=\"\" width=\"140\" height=\"192\" \/><\/a><p id=\"caption-attachment-4242\" class=\"wp-caption-text\">Stefan Zimkeit ist Landtagsabgeordneter f\u00fcr Oberhausen-Sterkrade und Dinslaken sowie finanzpolitischer Sprecher der SPD-Landtagsfraktion<\/p><\/div>\n<p>Sterkrades Landtagsabgeordneter Stefan Zimkeit hat zur Rastplatz-Baustelle Schwarze Heide eine Kleine Anfrage an die Landesregierung gerichtet. &#8222;Warum ist auf dieser Baustelle nahezu Stillstand?&#8220; formuliert er eine Frage, die sich viele B\u00fcrgerinnen und B\u00fcrger stellen.<\/p>\n<p>&#8222;Seit die Baustelle den Rastplatz blockiert, weichen viele LKW-Fahrer auf die st\u00e4dtischen Stra\u00dfen aus&#8220;, berichtet Karl-Heinz M\u00fcller, Vorsitzender der SPD Sterkrade-Nord. &#8222;Das ist eine Belastung, die endlich aufh\u00f6ren muss. Denn f\u00fcr den Schwerlastverkehr gibt es zurzeit keine Ausweichm\u00f6glichkeiten auf der A2, wenn sie die gesetzlichen Ruhezeiten einhalten m\u00f6chten.&#8220;<!--more--><\/p>\n<p>In seiner Anfrage weist Stefan Zimkeit darauf hin, dass ein Schild das Ende der Bauarbeiten f\u00fcr den November 2017 ank\u00fcndigt.<\/p>\n<p>&#8222;Mit \u00dcberschreiten des Fertigstellungstermins wurde ein neuer Fertigstellungstermin nicht mehr auf den Schildern ausgewiesen. In der letzten Zeit sind nahezu keine Arbeiten auf der Baustelle zu verzeichnen&#8220;, stellt der Abgeordnete fest und fragt abschlie\u00dfend: &#8222;Welche Ma\u00dfnahmen werden von Seiten der Landesregierung ergriffen, um den Baustillstand an der Rastanlage Schwarze Heide zu beenden?&#8220;<\/p>\n","protected":false},"excerpt":{"rendered":"<p>Sterkrades Landtagsabgeordneter Stefan Zimkeit hat zur Rastplatz-Baustelle Schwarze Heide eine Kleine Anfrage an die Landesregierung gerichtet. &#8222;Warum ist auf dieser Baustelle nahezu Stillstand?&#8220; formuliert er eine Frage, die sich viele&hellip; <\/p>\n","protected":false},"author":1,"featured_media":0,"comment_status":"closed","ping_status":"closed","sticky":false,"template":"","format":"standard","meta":{"footnotes":""},"categories":[216,27],"tags":[1554,1558],"quellen":[331],"class_list":["post-5132","post","type-post","status-publish","format-standard","hentry","category-land","category-planen-bauen-wohnen-verkehr","tag-kleine-anfrage-landtag","tag-rastplatz-schwarze-heide","quellen-mdl-stefan-zimkeit"],"_links":{"self":[{"href":"https:\/\/meier-gerdingh.de\/wp-spd-ob\/wp-json\/wp\/v2\/posts\/5132","targetHints":{"allow":["GET"]}}],"collection":[{"href":"https:\/\/meier-gerdingh.de\/wp-spd-ob\/wp-json\/wp\/v2\/posts"}],"about":[{"href":"https:\/\/meier-gerdingh.de\/wp-spd-ob\/wp-json\/wp\/v2\/types\/post"}],"author":[{"embeddable":true,"href":"https:\/\/meier-gerdingh.de\/wp-spd-ob\/wp-json\/wp\/v2\/users\/1"}],"replies":[{"embeddable":true,"href":"https:\/\/meier-gerdingh.de\/wp-spd-ob\/wp-json\/wp\/v2\/comments?post=5132"}],"version-history":[{"count":0,"href":"https:\/\/meier-gerdingh.de\/wp-spd-ob\/wp-json\/wp\/v2\/posts\/5132\/revisions"}],"wp:attachment":[{"href":"https:\/\/meier-gerdingh.de\/wp-spd-ob\/wp-json\/wp\/v2\/media?parent=5132"}],"wp:term":[{"taxonomy":"category","embeddable":true,"href":"https:\/\/meier-gerdingh.de\/wp-spd-ob\/wp-json\/wp\/v2\/categories?post=5132"},{"taxonomy":"post_tag","embeddable":true,"href":"https:\/\/meier-gerdingh.de\/wp-spd-ob\/wp-json\/wp\/v2\/tags?post=5132"},{"taxonomy":"quellen","embeddable":true,"href":"https:\/\/meier-gerdingh.de\/wp-spd-ob\/wp-json\/wp\/v2\/quellen?post=5132"}],"curies":[{"name":"wp","href":"https:\/\/api.w.org\/{rel}","templated":true}]}}