{"id":5156,"date":"2018-05-28T21:34:22","date_gmt":"2018-05-28T19:34:22","guid":{"rendered":"http:\/\/meier-gerdingh.de\/wp-spd-ob\/?p=5156"},"modified":"2018-05-29T15:08:58","modified_gmt":"2018-05-29T13:08:58","slug":"oberhausener-sozialdemokraten-gedenken-der-opfer-des-brandanschlags-von-solingen","status":"publish","type":"post","link":"https:\/\/meier-gerdingh.de\/wp-spd-ob\/2018\/05\/28\/oberhausener-sozialdemokraten-gedenken-der-opfer-des-brandanschlags-von-solingen\/","title":{"rendered":"Oberhausener Sozialdemokraten gedenken der Opfer des Brandanschlags von Solingen"},"content":{"rendered":"<p>Der Unterbezirksvorstand der Oberhausener SPD hat auf seiner Sitzung am heutigen Montagabend die nachfolgende Resolution zum morgigen 25. Jahrestag des Brandanschlags von Solingen beschlossen.<\/p>\n<p>Die Resolution im Wortlaut:<!--more--><\/p>\n<blockquote><p>\n25. Gedenktag der Opfer des Brandanschlags von Solingen \u2013 Erinnerung ist Verantwortung f\u00fcr unsere Demokratie und unser friedliches Zusammenleben<\/p>\n<p><strong>G\u00fcrs\u00fcn \u0130nce (* 4. Oktober 1965 -\u2020 29. Mai 1993)<br \/>\nHatice Gen\u00e7 (* 20. November 1974 -\u2020 29. Mai 1993)<br \/>\nG\u00fcl\u00fcstan \u00d6zt\u00fcrk (* 14. April 1981 -\u2020 29. Mai 1993)<br \/>\nH\u00fclya Gen\u00e7 (* 12. Februar 1984 -\u2020 29. Mai 1993)<br \/>\nSaime Gen\u00e7 (* 12. August 1988 -\u2020 29. Mai 1993)<\/strong><\/p>\n<p>Sie wurden vor 25 Jahren Opfer eines rechtsextremistischen Brandanschlags in Solingen. Mevl\u00fcde Gen\u00e7 hat durch diese schreckliche Tat zwei ihrer Kinder, ihre Nichte und zwei Enkelinnen verloren. Trotz dieses menschenverachtenden Anschlags oder gerade deshalb ist sie in Solingen geblieben und hat sich seither leidenschaftlich f\u00fcr Verst\u00e4ndigung eingesetzt und zur Vers\u00f6hnung aufgerufen. Ihr Handeln ist uns Vorbild und erinnert jeden Einzelnen und jede Einzelne an die Verantwortung f\u00fcr das friedliche Zusammenleben in unserer Gesellschaft.<\/p>\n<p>Solingen war nur der Tatort &#8211; die Ursachen lagen in einem aufgeheizten ausl\u00e4nderfeindlichen politischen Klima, welches gepr\u00e4gt war durch die Asyldebatte und dem Schlagwort\u201a &#8218;das Boot ist voll&#8216;. Das aktuelle politische Klima ist wieder \u00e4hnlich und rassistische \u00c4u\u00dferungen werden begleitet mit dem Schlagwort\u201a &#8218;das wird man ja wohl noch sagen d\u00fcrfen\u2018.<\/p>\n<p>Auch 25 Jahren nach diesem barbarischen Gewaltanschlag sollten wir uns bewusst sein, wie schnell aus Hass Gewalt und aus Worten Taten werden k\u00f6nnen. Die Zahl rassistischer und rechtsextremer Gewalttaten ist in den vergangenen Jahren weiter angestiegen. Das Gedenken an die Opfer von Solingen ist deshalb auch immer wieder Appell, unserer politischen Verantwortung gerecht zu werden, bei der Bek\u00e4mpfung von Fremdenfeindlichkeit nicht nachzulassen, klar Position zu beziehen und wirksam gegen Rechtsextremismus vorzugehen.<\/p>\n<p>Wir sind den Opfern rechtsextremistischer und fremdenfeindlicher Gewalttaten verpflichtet, die Erinnerung in unserem Handeln lebendig zu halten: <\/p>\n<ul>\n<li>Deshalb ist es unsere Verantwortung, immer wieder aufzustehen, wenn Rechtsextreme in die Mitte unserer Gesellschaft dr\u00e4ngen und unsere gemeinsame Grundlage \u2013 die Menschenrechte und unser Grundgesetz &#8211; missachten. Wir stehen ein f\u00fcr Vielfalt und Dialog und wir stehen Ausgrenzung und Hass mit klarer Haltung entgegen. Unsere Demokratie wurzelt in der Zivilcourage jedes Einzelnen und jeder Einzelnen.<\/li>\n<li>Deshalb nehmen wir die politische Verantwortung ernst, unsere Demokratie zu f\u00f6rdern. F\u00fcr uns ist es geboten in Nordrhein-Westfalen daf\u00fcr Sorge zu tragen, die Demokratieerziehung weiter zu f\u00f6rdern und die Fortf\u00fchrung des Handlungskonzept gegen Rechtsextremismus und Rassismus, das die rot-gr\u00fcne Landesregierung 2016 ins Leben gerufen hat, sicherzustellen und fortzuschreiben.<\/li>\n<li>Deshalb f\u00fchren wir als NRWSPD den Dialog mit MigrantInnenselbstorganisationen und Verb\u00e4nden und setzen uns f\u00fcr die soziale, gesellschaftliche und politische Teilhabe von Menschen mit Migrationshintergrund ein. Wir schaffen und suchen Orte des Austauschs, des Zuh\u00f6rens, des Kennenlernens.<\/li>\n<li>Es gilt, sich der Agitation von rechtspopulistischen und rechtsradikalen Parteien und Gruppierungen wie AFD und NPD wie auch aus dem Bereich der \u201asozialen Netzwerke\u2018 und zweifelhafter Verlage entgegenzustellen. Hierdurch wird der N\u00e4hrboden f\u00fcr m\u00f6gliche fremdenfeindliche Taten bereitet. Wir in Oberhausen stellen uns rechtsextremen Umtrieben entschieden entgegen:<\/li>\n<li>Wir nehmen den Kampf gegen rechtsextremes Gedankengut auf &#038; stellen uns der Diskussion &#8211; gerade auch in den &#8217;sozialen Netzwerken&#8216;. Hetze und Falschinformationen d\u00fcrfen nicht unbeantwortet bleiben.<\/li>\n<li>Wir unterst\u00fctzen Einrichtungen und Initiativen, die sich gegen Rechtsextremismus und f\u00fcr Zivilcourage einsetzen. Wir nennen hier stellvertretend das \u201eAntifaschistische B\u00fcndnis \u2013 Oberhausen f\u00fcr Demokratie und Toleranz\u201c und die Initiative &#8222;Demokratie leben!&#8220;, deren Aktivit\u00e4ten wir unterst\u00fctzen.<\/li>\n<\/ul>\n<\/blockquote>\n","protected":false},"excerpt":{"rendered":"<p>Der Unterbezirksvorstand der Oberhausener SPD hat auf seiner Sitzung am heutigen Montagabend die nachfolgende Resolution zum morgigen 25. Jahrestag des Brandanschlags von Solingen beschlossen. Die Resolution im Wortlaut:<\/p>\n","protected":false},"author":1,"featured_media":0,"comment_status":"closed","ping_status":"closed","sticky":false,"template":"","format":"standard","meta":{"footnotes":""},"categories":[404],"tags":[986,1559,1079,1560,1561,863],"quellen":[327],"class_list":["post-5156","post","type-post","status-publish","format-standard","hentry","category-gemeinsam-gegen-rechts","tag-antifaschistisches-buendnis-oberhausen","tag-brandanschlag-von-solingen","tag-bundesprogramm-demokratie-leben","tag-fremdenfeindlichkeit","tag-rechtsextreme-gewalt","tag-rechtsextremismus","quellen-spd-unterbezirk-oberhausen"],"_links":{"self":[{"href":"https:\/\/meier-gerdingh.de\/wp-spd-ob\/wp-json\/wp\/v2\/posts\/5156","targetHints":{"allow":["GET"]}}],"collection":[{"href":"https:\/\/meier-gerdingh.de\/wp-spd-ob\/wp-json\/wp\/v2\/posts"}],"about":[{"href":"https:\/\/meier-gerdingh.de\/wp-spd-ob\/wp-json\/wp\/v2\/types\/post"}],"author":[{"embeddable":true,"href":"https:\/\/meier-gerdingh.de\/wp-spd-ob\/wp-json\/wp\/v2\/users\/1"}],"replies":[{"embeddable":true,"href":"https:\/\/meier-gerdingh.de\/wp-spd-ob\/wp-json\/wp\/v2\/comments?post=5156"}],"version-history":[{"count":0,"href":"https:\/\/meier-gerdingh.de\/wp-spd-ob\/wp-json\/wp\/v2\/posts\/5156\/revisions"}],"wp:attachment":[{"href":"https:\/\/meier-gerdingh.de\/wp-spd-ob\/wp-json\/wp\/v2\/media?parent=5156"}],"wp:term":[{"taxonomy":"category","embeddable":true,"href":"https:\/\/meier-gerdingh.de\/wp-spd-ob\/wp-json\/wp\/v2\/categories?post=5156"},{"taxonomy":"post_tag","embeddable":true,"href":"https:\/\/meier-gerdingh.de\/wp-spd-ob\/wp-json\/wp\/v2\/tags?post=5156"},{"taxonomy":"quellen","embeddable":true,"href":"https:\/\/meier-gerdingh.de\/wp-spd-ob\/wp-json\/wp\/v2\/quellen?post=5156"}],"curies":[{"name":"wp","href":"https:\/\/api.w.org\/{rel}","templated":true}]}}