{"id":52,"date":"2002-02-27T17:00:00","date_gmt":"2002-02-27T15:00:00","guid":{"rendered":"http:\/\/www.meier-gerdingh.de\/spd-oberhausen\/wp\/?p=52"},"modified":"2017-05-12T09:29:26","modified_gmt":"2017-05-12T07:29:26","slug":"wir-werden-dem-kommunalverband-ruhrgebiet-mehr-kompetenzen-geben","status":"publish","type":"post","link":"https:\/\/meier-gerdingh.de\/wp-spd-ob\/2002\/02\/27\/wir-werden-dem-kommunalverband-ruhrgebiet-mehr-kompetenzen-geben\/","title":{"rendered":"&#8222;Wir werden dem Kommunalverband Ruhrgebiet mehr Kompetenzen geben&#8220;"},"content":{"rendered":"<p><a href=\"http:\/\/meier-gerdingh.de\/wp-spd-ob\/wp-content\/uploads\/puzzle.jpg\"><img decoding=\"async\" class=\"size-full alignleft\" src=\"http:\/\/meier-gerdingh.de\/wp-spd-ob\/wp-content\/uploads\/puzzle.jpg\" alt=\"\" width=\"130\" height=\"93\" \/><\/a>Die SPD-Landtagsfraktion will den Kommunalverband Ruhrgebiet (KVR) st\u00e4rken. Das erkl\u00e4rte der Oberhausener Landtagsabgeordnete und Generalsekret\u00e4r der NRWSPD Michael Groschek in der heutigen Plenarsitzung im D\u00fcsseldorfer Landtag.<!--more--><\/p>\n<p>Groschek koordiniert in der SPD-Fraktion die Aktivit\u00e4ten zur St\u00e4rkung des Ruhrgebietes. Eine bessere kommunale Zusammenarbeit in der Ruhrregion, so der ehemalige Oberhausener SPD-Ratsfraktionsvorsitzende, sei zwar in erster Linie eine Sache der Kommunen selbst. Der Landtag werde aber alles in seiner Kompetenz stehende tun, um die M\u00f6glichkeiten kommunaler Zusammenarbeit der St\u00e4dte im Ruhrgebiet und den anderen Regionen unseres Landes zu verbessern.<\/p>\n<p>Groschek w\u00f6rtlich: &#8222;Wir erwarten, dass alle b\u00fcrokratischen H\u00fcrden, die einer verst\u00e4rkten interkommunalen Zusammenarbeit im Wege stehen, abger\u00e4umt werden.&#8220;<\/p>\n<p>Das schlie\u00dfe insbesondere ein, dass zuk\u00fcnftig auch Kommunen die Mitgliedschaft im KVR er\u00f6ffnet werde, die an das heutige KVR-Gebiet angrenzen. Dar\u00fcber hinaus solle die M\u00f6glichkeit geschaffen werden, auf freiwilliger Basis die Erledigung interkommunaler Aufgaben auf den Kommunalverband zu \u00fcbertragen. &#8222;Wir werden mit einer Novellierung des Gesetzes \u00fcber den Kommunalverband dem KVR die Chance geben, sich zu modernisieren und ihm zus\u00e4tzliche Kompetenzen geben&#8220;, betonte Groschek.<\/p>\n<p>In einem heute vom Landtag verabschiedeten Antrag von SPD und B\u00fcndnisgr\u00fcnen wird die Landesregierung dar\u00fcber hinaus aufgefordert, alle F\u00f6rderprogramme des Landes auf &#8222;Regionalvertr\u00e4glichkeit&#8220; hin zu optimieren. Eine unproduktive Konkurrenz zwischen den St\u00e4dten d\u00fcrfe nicht mit Landesmitteln verst\u00e4rkt werden. Groschek: &#8222;Die Gie\u00dfkanne geh\u00f6rt ins Gartenhaus, sie darf kein Instrument der Regionalpolitik sein.&#8220; Vorrangig unterst\u00fctzt werden sollten Projekte, die die St\u00e4rken der einzelnen Ruhrgebietsst\u00e4dte gezielt f\u00f6rdern.<\/p>\n<p>Der Projekt Ruhr GmbH komme in diesem Zusammenhang eine zentrale strategische Bedeutung zu. Als Partner der Kommunen werde sie &#8222;Dampf machen&#8220;, um die letztmals bis zum Jahr 2006 gew\u00e4hrten EU-Milliarden in besch\u00e4ftigungsintensive &#8222;Leuchtturmprojekte&#8220; zu investieren.<\/p>\n","protected":false},"excerpt":{"rendered":"<p>Die SPD-Landtagsfraktion will den Kommunalverband Ruhrgebiet (KVR) st\u00e4rken. Das erkl\u00e4rte der Oberhausener Landtagsabgeordnete und Generalsekret\u00e4r der NRWSPD Michael Groschek in der heutigen Plenarsitzung im D\u00fcsseldorfer Landtag.<\/p>\n","protected":false},"author":1,"featured_media":0,"comment_status":"closed","ping_status":"closed","sticky":false,"template":"","format":"standard","meta":{"footnotes":""},"categories":[1],"tags":[],"quellen":[],"class_list":["post-52","post","type-post","status-publish","format-standard","hentry","category-allgemein"],"_links":{"self":[{"href":"https:\/\/meier-gerdingh.de\/wp-spd-ob\/wp-json\/wp\/v2\/posts\/52","targetHints":{"allow":["GET"]}}],"collection":[{"href":"https:\/\/meier-gerdingh.de\/wp-spd-ob\/wp-json\/wp\/v2\/posts"}],"about":[{"href":"https:\/\/meier-gerdingh.de\/wp-spd-ob\/wp-json\/wp\/v2\/types\/post"}],"author":[{"embeddable":true,"href":"https:\/\/meier-gerdingh.de\/wp-spd-ob\/wp-json\/wp\/v2\/users\/1"}],"replies":[{"embeddable":true,"href":"https:\/\/meier-gerdingh.de\/wp-spd-ob\/wp-json\/wp\/v2\/comments?post=52"}],"version-history":[{"count":0,"href":"https:\/\/meier-gerdingh.de\/wp-spd-ob\/wp-json\/wp\/v2\/posts\/52\/revisions"}],"wp:attachment":[{"href":"https:\/\/meier-gerdingh.de\/wp-spd-ob\/wp-json\/wp\/v2\/media?parent=52"}],"wp:term":[{"taxonomy":"category","embeddable":true,"href":"https:\/\/meier-gerdingh.de\/wp-spd-ob\/wp-json\/wp\/v2\/categories?post=52"},{"taxonomy":"post_tag","embeddable":true,"href":"https:\/\/meier-gerdingh.de\/wp-spd-ob\/wp-json\/wp\/v2\/tags?post=52"},{"taxonomy":"quellen","embeddable":true,"href":"https:\/\/meier-gerdingh.de\/wp-spd-ob\/wp-json\/wp\/v2\/quellen?post=52"}],"curies":[{"name":"wp","href":"https:\/\/api.w.org\/{rel}","templated":true}]}}