{"id":5202,"date":"2018-06-12T08:08:39","date_gmt":"2018-06-12T06:08:39","guid":{"rendered":"http:\/\/meier-gerdingh.de\/wp-spd-ob\/?p=5202"},"modified":"2018-06-14T08:12:23","modified_gmt":"2018-06-14T06:12:23","slug":"drei-infostaende-zum-tag-der-aelteren-generation","status":"publish","type":"post","link":"https:\/\/meier-gerdingh.de\/wp-spd-ob\/2018\/06\/12\/drei-infostaende-zum-tag-der-aelteren-generation\/","title":{"rendered":"Drei Infost\u00e4nde zum Tag der &#8222;\u00c4lteren Generation&#8220;"},"content":{"rendered":"<div id=\"attachment_5191\" style=\"width: 310px\" class=\"wp-caption alignleft\"><a href=\"http:\/\/meier-gerdingh.de\/wp-spd-ob\/wp-content\/uploads\/2018\/06\/infostand_ag_60_plus_markt_holten_1200.jpg\"><img aria-describedby=\"caption-attachment-5191\" decoding=\"async\" class=\"size-full wp-image-5191\" src=\"http:\/\/meier-gerdingh.de\/wp-spd-ob\/wp-content\/uploads\/2018\/06\/infostand_ag_60_plus_markt_holten.jpg\" alt=\"\" width=\"300\" height=\"146\" \/><\/a><p id=\"caption-attachment-5191\" class=\"wp-caption-text\">Infostand der AG 60 plus Oberhausen zum Tag der &#8222;\u00c4lteren Generation&#8220; auf dem Marktplatz in Holten<\/p><\/div>\n<p>Der Tag der &#8222;\u00c4lteren Generation&#8220; steht in diesem Jahr unter dem Motto &#8222;Wohnen \u2013 Leben \u2013 W\u00fcrde&#8220;. Die Arbeitsgemeinschaft der Senioren im Unterbezirk Oberhausen steht an drei Terminen zu diesem Motto im Oberhausener Norden mit einem Infostand. Den Auftakt machte der Stand am Freitag, 25. Mai 2018, auf dem Holtener Markt. Die Genossen haben hier Pr\u00e4senz gezeigt und hatten ein offenes Ohr f\u00fcr die Anliegen und Sorgen der B\u00fcrgerinnen und B\u00fcrger in Holten.<!--more--><\/p>\n<p>&#8222;Alter hat Zukunft&#8220; sagen die Senioren der SPD Oberhausen. Es ist bedauerlich, dass diese Erkenntnis zwischenzeitlich im neoliberalen Mainstream untergegangen ist.<\/p>\n<p>Das Motto des diesj\u00e4hrigen Aktionstages gibt einen sch\u00f6nen Rahmen, um \u00fcber unsere gesellschaftliche Entwicklung mit Blick auf zunehmend \u00e4lter werdende Menschen nachzudenken. Nat\u00fcrlich bilden nicht alle Menschen \u00fcber 60 eine einheitliche Gruppe, aber sie ist eine der gr\u00f6\u00dften Gruppen und bietet ein enormes Potential in vielen Dimensionen, z.B. im Ehrenamt.<\/p>\n<p>Die SPD-Senioren werden am kommenden <strong>Donnerstag, 14. Juni 2018<\/strong>, in der Zeit von <strong>10.00 \u2013 12.00 Uhr<\/strong> auf dem <strong>Schmachtendorfer Markt<\/strong> stehen und am M<strong>ittwoch, 4. Juli 2018<\/strong> in der Zeit von <strong>10.00 \u2013 12.00 Uhr<\/strong> in Sterkrade auf der <strong>Bahnhofstra\u00dfe in H\u00f6he des Center Points<\/strong>.<\/p>\n<p>Auch hier werden sie ein offenes Ohr f\u00fcr die Anliegen und Sorgen der Oberhausener B\u00fcrgerinnen und B\u00fcrger haben.<\/p>\n","protected":false},"excerpt":{"rendered":"<p>Der Tag der &#8222;\u00c4lteren Generation&#8220; steht in diesem Jahr unter dem Motto &#8222;Wohnen \u2013 Leben \u2013 W\u00fcrde&#8220;. Die Arbeitsgemeinschaft der Senioren im Unterbezirk Oberhausen steht an drei Terminen zu diesem&hellip; <\/p>\n","protected":false},"author":1,"featured_media":0,"comment_status":"closed","ping_status":"closed","sticky":false,"template":"","format":"standard","meta":{"footnotes":""},"categories":[854],"tags":[1568],"quellen":[328],"class_list":["post-5202","post","type-post","status-publish","format-standard","hentry","category-senioren","tag-tag-der-aelteren-generation","quellen-ag-60-plus-oberhausen"],"_links":{"self":[{"href":"https:\/\/meier-gerdingh.de\/wp-spd-ob\/wp-json\/wp\/v2\/posts\/5202","targetHints":{"allow":["GET"]}}],"collection":[{"href":"https:\/\/meier-gerdingh.de\/wp-spd-ob\/wp-json\/wp\/v2\/posts"}],"about":[{"href":"https:\/\/meier-gerdingh.de\/wp-spd-ob\/wp-json\/wp\/v2\/types\/post"}],"author":[{"embeddable":true,"href":"https:\/\/meier-gerdingh.de\/wp-spd-ob\/wp-json\/wp\/v2\/users\/1"}],"replies":[{"embeddable":true,"href":"https:\/\/meier-gerdingh.de\/wp-spd-ob\/wp-json\/wp\/v2\/comments?post=5202"}],"version-history":[{"count":0,"href":"https:\/\/meier-gerdingh.de\/wp-spd-ob\/wp-json\/wp\/v2\/posts\/5202\/revisions"}],"wp:attachment":[{"href":"https:\/\/meier-gerdingh.de\/wp-spd-ob\/wp-json\/wp\/v2\/media?parent=5202"}],"wp:term":[{"taxonomy":"category","embeddable":true,"href":"https:\/\/meier-gerdingh.de\/wp-spd-ob\/wp-json\/wp\/v2\/categories?post=5202"},{"taxonomy":"post_tag","embeddable":true,"href":"https:\/\/meier-gerdingh.de\/wp-spd-ob\/wp-json\/wp\/v2\/tags?post=5202"},{"taxonomy":"quellen","embeddable":true,"href":"https:\/\/meier-gerdingh.de\/wp-spd-ob\/wp-json\/wp\/v2\/quellen?post=5202"}],"curies":[{"name":"wp","href":"https:\/\/api.w.org\/{rel}","templated":true}]}}