{"id":5203,"date":"2018-06-12T08:13:00","date_gmt":"2018-06-12T06:13:00","guid":{"rendered":"http:\/\/meier-gerdingh.de\/wp-spd-ob\/?p=5203"},"modified":"2018-06-17T12:21:53","modified_gmt":"2018-06-17T10:21:53","slug":"staerkung-der-feuerwehren-hat-hohe-prioritaet","status":"publish","type":"post","link":"https:\/\/meier-gerdingh.de\/wp-spd-ob\/2018\/06\/12\/staerkung-der-feuerwehren-hat-hohe-prioritaet\/","title":{"rendered":"St\u00e4rkung der Feuerwehren hat hohe Priorit\u00e4t"},"content":{"rendered":"<div id=\"attachment_5189\" style=\"width: 250px\" class=\"wp-caption alignleft\"><a href=\"http:\/\/meier-gerdingh.de\/wp-spd-ob\/wp-content\/uploads\/2018\/06\/bongers_sonja_feuerwehr_oberhausen_800.jpg\"><img aria-describedby=\"caption-attachment-5189\" decoding=\"async\" class=\"size-full wp-image-5189\" src=\"http:\/\/meier-gerdingh.de\/wp-spd-ob\/wp-content\/uploads\/2018\/06\/bongers_sonja_feuerwehr_oberhausen.jpg\" alt=\"\" width=\"240\" height=\"158\" \/><\/a><p id=\"caption-attachment-5189\" class=\"wp-caption-text\">Sonja Bongers zu Besuch bei der Oberhausener Berufsfeuerwehr<\/p><\/div>\n<p>&#8222;Es war mir ein Vergn\u00fcgen, die Oberhausener Berufsfeuerwehr zu besuchen&#8220;, berichtet die Landtagsabgeordnete Sonja Bongers (SPD) \u00fcber ihren Besuch bei der Oberhausener Berufsfeuerwehr. Im Gespr\u00e4ch mit Feuerwehr-Chef Gerd Auschrat und dem stellvertretenden Leiter der Berufsfeuerwehr Oberhausen, J\u00fcrgen Jendrian, konnte sie umfassende Einblicke in die Arbeits- und Einsatzbedingungen der Feuerwehrkr\u00e4fte erhalten.<!--more--><\/p>\n<p>&#8222;F\u00fcr uns als SPD-Landtagsfraktion hat die St\u00e4rkung der Feuerwehren eine hohe Priorit\u00e4t&#8220;, erl\u00e4utert Bongers weiter. &#8222;Dieses haben wir in der Vergangenheit auch mit ganz konkreten Taten hinterlegt: Zum Beispiel mit der Erneuerung der gesetzlichen Bestimmungen zu Brandschutz, Hilfeleistung und Katastrophenschutz oder mit der St\u00e4rkung des Ehrenamtes in der Feuerwehr (Projekt &#8222;FeuerwEHRENsache&#8220;).<\/p>\n<p>Ohne die t\u00e4gliche Einsatzbereitschaft der Feuerwehr w\u00fcrde unsere Gesellschaft nicht funktionieren. 24 Stunden am Tag, sieben Tage die Woche, 365 Tage im Jahr stehen die Einsatzkr\u00e4fte bereit, um anderen Menschen in Notlagen zu helfen.<\/p>\n<p>Egal ob bei Br\u00e4nden, Unf\u00e4llen oder Unwettern: Sie tragen dabei ein hohes Ma\u00df an Verantwortung und sind oftmals sogar erheblichen eigenen Gefahren und einer Vielzahl von Stresssituationen ausgesetzt. Vor dieser Leistung habe ich den allergr\u00f6\u00dften Respekt und ich m\u00f6chte mich daf\u00fcr bei allen Feuerwehrmitgliedern ganz herzlich bedanken!&#8220;<\/p>\n","protected":false},"excerpt":{"rendered":"<p>&#8222;Es war mir ein Vergn\u00fcgen, die Oberhausener Berufsfeuerwehr zu besuchen&#8220;, berichtet die Landtagsabgeordnete Sonja Bongers (SPD) \u00fcber ihren Besuch bei der Oberhausener Berufsfeuerwehr. Im Gespr\u00e4ch mit Feuerwehr-Chef Gerd Auschrat und&hellip; <\/p>\n","protected":false},"author":1,"featured_media":0,"comment_status":"closed","ping_status":"closed","sticky":false,"template":"","format":"standard","meta":{"footnotes":""},"categories":[7],"tags":[278,895],"quellen":[1317],"class_list":["post-5203","post","type-post","status-publish","format-standard","hentry","category-sicherheit","tag-feuerwehr","tag-feuerwehr-oberhausen","quellen-mdl-sonja-bongers"],"_links":{"self":[{"href":"https:\/\/meier-gerdingh.de\/wp-spd-ob\/wp-json\/wp\/v2\/posts\/5203","targetHints":{"allow":["GET"]}}],"collection":[{"href":"https:\/\/meier-gerdingh.de\/wp-spd-ob\/wp-json\/wp\/v2\/posts"}],"about":[{"href":"https:\/\/meier-gerdingh.de\/wp-spd-ob\/wp-json\/wp\/v2\/types\/post"}],"author":[{"embeddable":true,"href":"https:\/\/meier-gerdingh.de\/wp-spd-ob\/wp-json\/wp\/v2\/users\/1"}],"replies":[{"embeddable":true,"href":"https:\/\/meier-gerdingh.de\/wp-spd-ob\/wp-json\/wp\/v2\/comments?post=5203"}],"version-history":[{"count":0,"href":"https:\/\/meier-gerdingh.de\/wp-spd-ob\/wp-json\/wp\/v2\/posts\/5203\/revisions"}],"wp:attachment":[{"href":"https:\/\/meier-gerdingh.de\/wp-spd-ob\/wp-json\/wp\/v2\/media?parent=5203"}],"wp:term":[{"taxonomy":"category","embeddable":true,"href":"https:\/\/meier-gerdingh.de\/wp-spd-ob\/wp-json\/wp\/v2\/categories?post=5203"},{"taxonomy":"post_tag","embeddable":true,"href":"https:\/\/meier-gerdingh.de\/wp-spd-ob\/wp-json\/wp\/v2\/tags?post=5203"},{"taxonomy":"quellen","embeddable":true,"href":"https:\/\/meier-gerdingh.de\/wp-spd-ob\/wp-json\/wp\/v2\/quellen?post=5203"}],"curies":[{"name":"wp","href":"https:\/\/api.w.org\/{rel}","templated":true}]}}