{"id":5213,"date":"2018-06-15T11:08:35","date_gmt":"2018-06-15T09:08:35","guid":{"rendered":"http:\/\/meier-gerdingh.de\/wp-spd-ob\/?p=5213"},"modified":"2018-06-15T11:08:35","modified_gmt":"2018-06-15T09:08:35","slug":"spd-begruesst-konsens-zwischen-stadt-und-freien-kita-traegern","status":"publish","type":"post","link":"https:\/\/meier-gerdingh.de\/wp-spd-ob\/2018\/06\/15\/spd-begruesst-konsens-zwischen-stadt-und-freien-kita-traegern\/","title":{"rendered":"SPD begr\u00fc\u00dft Konsens zwischen Stadt und freien Kita-Tr\u00e4gern"},"content":{"rendered":"<div id=\"attachment_1481\" style=\"width: 150px\" class=\"wp-caption alignleft\"><a href=\"http:\/\/meier-gerdingh.de\/wp-spd-ob\/wp-content\/uploads\/krey_thomas_14.jpg\"><img aria-describedby=\"caption-attachment-1481\" decoding=\"async\" class=\"size-full wp-image-1481\" src=\"http:\/\/meier-gerdingh.de\/wp-spd-ob\/wp-content\/uploads\/krey_thomas_14.jpg\" alt=\"\" width=\"140\" height=\"169\" \/><\/a><p id=\"caption-attachment-1481\" class=\"wp-caption-text\">Thomas Krey ist Mitglied des Rates der Stadt und Bezirksb\u00fcrgermeister von Osterfeld<\/p><\/div>\n<p>Die SPD-Ratsfraktion hat die konstruktiven, guten Beratungen der freien Tr\u00e4ger in der Kindertagesbetreuung mit der Verwaltung hinsichtlich der freiwilligen \u00dcbernahme von Tr\u00e4geranteilen in der Betreuung durch die Stadt begr\u00fc\u00dft.<\/p>\n<p>Der Vorschlag der Verwaltung sieht vor, einen freiwilligen Zuschuss der Stadt in H\u00f6he von 40 Prozent des Tr\u00e4geranteils zu den Betriebskosten bis Ende 2018 zu gew\u00e4hren (insgesamt ca. 500.000 Euro). Zudem soll die Vereinbarung f\u00fcr die \u00dcbernahme von 110 Prozent der Kosten pro Platz in der \u00dcberbelegung bis zum Ende des Kindergartenjahres 2018\/19 fortgef\u00fchrt werden.<!--more--><\/p>\n<p>Awo-Gesch\u00e4ftsf\u00fchrer Jochen Kamps als Vorsitzender der Arbeitsgemeinschaft der Wohlfahrtsverb\u00e4nde in Oberhausen hatte Sozialdezernentin Elke M\u00fcnnich j\u00fcngst mitgeteilt, dass die Sprecherinnen und Sprecher der Arbeitsgemeinschaft diesen Vorschlag begr\u00fc\u00dfen.<\/p>\n<p>&#8222;Es ist ein gutes Signal, dass die Finanzierung der Kindergartenpl\u00e4tze mit diesem Vorschlag bis zum Jahresende erst einmal gesichert scheint&#8220;, erkl\u00e4rt der SPD-Stadtverordnete Thomas Krey, der die Verantwortlichkeit f\u00fcr die unbefriedigende, finanzielle Situation in der Kinderbetreuung auch benennt: &#8222;Die Stadt muss hier L\u00f6cher stopfen, die die absolut ungen\u00fcgende Finanzierung durch das Land gerissen hat \u2013 entgegen aller Wahlversprechen der derzeitigen Landesregierung.&#8220;<\/p>\n","protected":false},"excerpt":{"rendered":"<p>Die SPD-Ratsfraktion hat die konstruktiven, guten Beratungen der freien Tr\u00e4ger in der Kindertagesbetreuung mit der Verwaltung hinsichtlich der freiwilligen \u00dcbernahme von Tr\u00e4geranteilen in der Betreuung durch die Stadt begr\u00fc\u00dft. Der&hellip; <\/p>\n","protected":false},"author":1,"featured_media":0,"comment_status":"closed","ping_status":"closed","sticky":false,"template":"","format":"standard","meta":{"footnotes":""},"categories":[179],"tags":[1576,168,1578,1577],"quellen":[326],"class_list":["post-5213","post","type-post","status-publish","format-standard","hentry","category-kinder-und-jugendliche","tag-freie-traeger","tag-kinderbetreuung","tag-kindergartenfinanzierung","tag-kindergartenplaetze","quellen-spd-fraktion-oberhausen"],"_links":{"self":[{"href":"https:\/\/meier-gerdingh.de\/wp-spd-ob\/wp-json\/wp\/v2\/posts\/5213","targetHints":{"allow":["GET"]}}],"collection":[{"href":"https:\/\/meier-gerdingh.de\/wp-spd-ob\/wp-json\/wp\/v2\/posts"}],"about":[{"href":"https:\/\/meier-gerdingh.de\/wp-spd-ob\/wp-json\/wp\/v2\/types\/post"}],"author":[{"embeddable":true,"href":"https:\/\/meier-gerdingh.de\/wp-spd-ob\/wp-json\/wp\/v2\/users\/1"}],"replies":[{"embeddable":true,"href":"https:\/\/meier-gerdingh.de\/wp-spd-ob\/wp-json\/wp\/v2\/comments?post=5213"}],"version-history":[{"count":0,"href":"https:\/\/meier-gerdingh.de\/wp-spd-ob\/wp-json\/wp\/v2\/posts\/5213\/revisions"}],"wp:attachment":[{"href":"https:\/\/meier-gerdingh.de\/wp-spd-ob\/wp-json\/wp\/v2\/media?parent=5213"}],"wp:term":[{"taxonomy":"category","embeddable":true,"href":"https:\/\/meier-gerdingh.de\/wp-spd-ob\/wp-json\/wp\/v2\/categories?post=5213"},{"taxonomy":"post_tag","embeddable":true,"href":"https:\/\/meier-gerdingh.de\/wp-spd-ob\/wp-json\/wp\/v2\/tags?post=5213"},{"taxonomy":"quellen","embeddable":true,"href":"https:\/\/meier-gerdingh.de\/wp-spd-ob\/wp-json\/wp\/v2\/quellen?post=5213"}],"curies":[{"name":"wp","href":"https:\/\/api.w.org\/{rel}","templated":true}]}}