{"id":5227,"date":"2018-06-20T18:01:08","date_gmt":"2018-06-20T16:01:08","guid":{"rendered":"http:\/\/meier-gerdingh.de\/wp-spd-ob\/?p=5227"},"modified":"2018-06-24T15:48:02","modified_gmt":"2018-06-24T13:48:02","slug":"spd-hat-kein-verstaendnis-fuer-grafenbusch-sperrung","status":"publish","type":"post","link":"https:\/\/meier-gerdingh.de\/wp-spd-ob\/2018\/06\/20\/spd-hat-kein-verstaendnis-fuer-grafenbusch-sperrung\/","title":{"rendered":"SPD hat kein Verst\u00e4ndnis f\u00fcr Grafenbusch-Sperrung"},"content":{"rendered":"<div id=\"attachment_2033\" style=\"width: 150px\" class=\"wp-caption alignleft\"><a href=\"http:\/\/meier-gerdingh.de\/wp-spd-ob\/wp-content\/uploads\/real_ulrich_14.jpg\"><img aria-describedby=\"caption-attachment-2033\" decoding=\"async\" class=\"size-full wp-image-2033\" src=\"http:\/\/meier-gerdingh.de\/wp-spd-ob\/wp-content\/uploads\/real_ulrich_14.jpg\" alt=\"\" width=\"140\" height=\"170\" srcset=\"https:\/\/meier-gerdingh.de\/wp-spd-ob\/wp-content\/uploads\/real_ulrich_14.jpg 140w, https:\/\/meier-gerdingh.de\/wp-spd-ob\/wp-content\/uploads\/real_ulrich_14-123x150.jpg 123w\" sizes=\"(max-width: 140px) 100vw, 140px\" \/><\/a><p id=\"caption-attachment-2033\" class=\"wp-caption-text\">Ulrich Real ist planungspolitischer Sprecher der SPD-Fraktion und Bezirksb\u00fcrgermeister von Sterkrade<\/p><\/div>\n<p>Die Pl\u00e4ne von Stra\u00dfen NRW, die Abfahrt Grafenbusch der Konrad-Adenauer-Allee in Fahrtrichtung Sterkrade komplett zu schlie\u00dfen, haben f\u00fcr Unmut in der SPD-Ratsfraktion gesorgt. Am Dienstag war das Vorhaben der Bezirksregierung D\u00fcsseldorf Thema im Planungsausschuss \u2013 dessen Mitglieder konnten die Pl\u00e4ne allerdings nur zur Kenntnis nehmen, die Entscheidungsbefugnis oder auch nur ein Mitspracherecht haben die Ratspolitiker nicht. Die Bezirksregierung habe &#8222;die Stadt Oberhausen als zust\u00e4ndige \u00f6rtliche Stra\u00dfenverkehrsbeh\u00f6rde gebeten, die geplante Verkehrsf\u00fchrung umzusetzen bzw. anzuordnen&#8220;, hei\u00dft es in der Ausschussvorlage lapidar.<\/p>\n<p>F\u00fcr Ulrich Real, den planungspolitischen Sprecher der SPD-Ratsfraktion, ist dies ein Unding: &#8222;Hier wird eine Ma\u00dfnahme durchgedr\u00fcckt, die f\u00fcr viele Osterfelder gro\u00dfe Umwege bedeutet und zudem f\u00fcr noch gr\u00f6\u00dfere Verkehrsprobleme auf der Konrad-Adenauer-Allee in Richtung Norden sorgen wird. Und ob die Situation an der A-42-Ausfahrt tats\u00e4chlich durch die Sperrung verbessert wird, erschlie\u00dft sich uns nicht.&#8220;<!--more--><\/p>\n<p>Die Probleme an der Anschlussstelle Oberhausen-Zentrum sind n\u00e4mlich der Anlass f\u00fcr die Pl\u00e4ne der Bezirksregierung. Um die Zahl der Auffahrunf\u00e4lle und Verkehrsstaus, die manchmal bis auf die Autobahn herunterreichen, zu verringern, greift Stra\u00dfen NRW auf der Konrad-Adenauer-Allee gewaltig in die Verkehrsf\u00fchrung ein:<\/p>\n<p>So soll der Fahrstreifen der B223 in Richtung Norden als Rechtsabbiegerstreifen auf die A 42 in Richtung Dortmund enden. Hinter dieser Auffahrt soll der Fahrstreifen als Sperrfl\u00e4che markiert werden, die bisherige Ausfahrt Grafenbusch schlie\u00dflich mittels einer Betonleitwand voll gesperrt werden.<\/p>\n<p>Autofahrer, die so bislang in den &#8222;Osterfelder Kessel&#8220; entlang der Bottroper Stra\u00dfe oder zur Firma &#8222;Baustoff-Mann&#8220; gelangt sind, m\u00fcssen nun bis zur Ausfahrt Eisenheim fahren, um dort gleich wieder in Fahrtrichtung S\u00fcden aufzufahren, damit sie dann die Abfahrt Grafenbusch nehmen k\u00f6nnen.<\/p>\n<p>Auf v\u00f6lliges Unverst\u00e4ndnis st\u00f6\u00dft diese Ma\u00dfnahme beim SPD-Ortsverein Osterfeld, der mit dem verantwortlichen Landesbetrieb Stra\u00dfen NRW in einem offenen Brief ins Gericht geht. Die Begr\u00fcndung dieser Ma\u00dfnahme, n\u00e4mlich die Verbesserung der Verkehrssituation an der A-42-Ausfahrt, erschlie\u00dft sich den Osterfelder Sozialdemokraten \u00fcberhaupt nicht.<\/p>\n<p>&#8222;Bei starkem Verkehr entsteht dieser R\u00fcckstau schon allein durch die Ampelregelung f\u00fcr die Linksabbieger, die in Richtung Oberhausen fahren&#8220;, erkl\u00e4rt der Ortsvereinsvorsitzende Thorsten Kamps. Nat\u00fcrlich m\u00fcsse diese Ampel bleiben, so Kamps, er h\u00e4lt eine erg\u00e4nzende, intelligente Ampelregelung f\u00fcr die Rechtsabbieger in Richtung Sterkrade f\u00fcr eine sinnvolle Ma\u00dfnahme, um die Zahl der Auffahrunf\u00e4lle dort zu reduzieren.<\/p>\n<p>&#8222;Aber diese L\u00f6sung ist offenbar gar nicht gepr\u00fcft worden&#8220;, erkl\u00e4rt der Osterfelder SPD-Vorsitzende, der zudem vor den Folgen der kompletten Sperrung einer Fahrspur ab der A-42-Auffahrt warnt: &#8222;Damit f\u00e4llt faktisch eine Fahrspur auf diesem schon extrem belasteten Teilst\u00fcck der Konrad-Adenauer-Allee weg. Das Verkehrschaos ist so schon vorprogrammiert&#8220;, f\u00fcrchtet Kamps.<\/p>\n<p><strong>Download:<\/strong><\/p>\n<p><a href=\"http:\/\/meier-gerdingh.de\/wp-spd-ob\/wp-content\/uploads\/2018\/06\/ov_osterfeld_offener_brief_landesbetrieb_strassenbau_18_06_19.pdf\">Offener Brief des OV Osterfeld an den Landesbetrieb Stra\u00dfenbau NRW | pdf, 350 KB<\/a><\/p>\n","protected":false},"excerpt":{"rendered":"<p>Die Pl\u00e4ne von Stra\u00dfen NRW, die Abfahrt Grafenbusch der Konrad-Adenauer-Allee in Fahrtrichtung Sterkrade komplett zu schlie\u00dfen, haben f\u00fcr Unmut in der SPD-Ratsfraktion gesorgt. Am Dienstag war das Vorhaben der Bezirksregierung&hellip; <\/p>\n","protected":false},"author":1,"featured_media":0,"comment_status":"closed","ping_status":"closed","sticky":false,"template":"","format":"standard","meta":{"footnotes":""},"categories":[27],"tags":[1583,1582,1581,1584,389],"quellen":[326],"class_list":["post-5227","post","type-post","status-publish","format-standard","hentry","category-planen-bauen-wohnen-verkehr","tag-a-42","tag-grafenbusch","tag-konrad-adenauer-allee","tag-landesbetrieb-strassen-nrw","tag-planungsausschuss","quellen-spd-fraktion-oberhausen"],"_links":{"self":[{"href":"https:\/\/meier-gerdingh.de\/wp-spd-ob\/wp-json\/wp\/v2\/posts\/5227","targetHints":{"allow":["GET"]}}],"collection":[{"href":"https:\/\/meier-gerdingh.de\/wp-spd-ob\/wp-json\/wp\/v2\/posts"}],"about":[{"href":"https:\/\/meier-gerdingh.de\/wp-spd-ob\/wp-json\/wp\/v2\/types\/post"}],"author":[{"embeddable":true,"href":"https:\/\/meier-gerdingh.de\/wp-spd-ob\/wp-json\/wp\/v2\/users\/1"}],"replies":[{"embeddable":true,"href":"https:\/\/meier-gerdingh.de\/wp-spd-ob\/wp-json\/wp\/v2\/comments?post=5227"}],"version-history":[{"count":0,"href":"https:\/\/meier-gerdingh.de\/wp-spd-ob\/wp-json\/wp\/v2\/posts\/5227\/revisions"}],"wp:attachment":[{"href":"https:\/\/meier-gerdingh.de\/wp-spd-ob\/wp-json\/wp\/v2\/media?parent=5227"}],"wp:term":[{"taxonomy":"category","embeddable":true,"href":"https:\/\/meier-gerdingh.de\/wp-spd-ob\/wp-json\/wp\/v2\/categories?post=5227"},{"taxonomy":"post_tag","embeddable":true,"href":"https:\/\/meier-gerdingh.de\/wp-spd-ob\/wp-json\/wp\/v2\/tags?post=5227"},{"taxonomy":"quellen","embeddable":true,"href":"https:\/\/meier-gerdingh.de\/wp-spd-ob\/wp-json\/wp\/v2\/quellen?post=5227"}],"curies":[{"name":"wp","href":"https:\/\/api.w.org\/{rel}","templated":true}]}}