{"id":5237,"date":"2018-06-21T21:27:10","date_gmt":"2018-06-21T19:27:10","guid":{"rendered":"http:\/\/meier-gerdingh.de\/wp-spd-ob\/?p=5237"},"modified":"2018-06-22T21:31:31","modified_gmt":"2018-06-22T19:31:31","slug":"verhuetungsmittelfonds-der-koalition-wirkt","status":"publish","type":"post","link":"https:\/\/meier-gerdingh.de\/wp-spd-ob\/2018\/06\/21\/verhuetungsmittelfonds-der-koalition-wirkt\/","title":{"rendered":"Verh\u00fctungsmittelfonds der Koalition wirkt"},"content":{"rendered":"<div id=\"attachment_5236\" style=\"width: 150px\" class=\"wp-caption alignleft\"><a href=\"http:\/\/meier-gerdingh.de\/wp-spd-ob\/wp-content\/uploads\/2018\/06\/droehne_manuel_14.jpg\"><img aria-describedby=\"caption-attachment-5236\" decoding=\"async\" class=\"size-full wp-image-5236\" src=\"http:\/\/meier-gerdingh.de\/wp-spd-ob\/wp-content\/uploads\/2018\/06\/droehne_manuel_14.jpg\" alt=\"\" width=\"140\" height=\"169\" \/><\/a><p id=\"caption-attachment-5236\" class=\"wp-caption-text\">Manuel Dr\u00f6hne ist Mitglied des Rates der Stadt f\u00fcr den Wahlbezirk Schlad<\/p><\/div>\n<p>Der von der Ratskoalition aus SPD, Gr\u00fcnen und FDP Ende vergangenen Jahres initiierte Verh\u00fctungsmittelfonds hat sich als erfolgreiches Projekt erwiesen. Dies hat sich bei der Berichterstattung am Mittwoch im Gleichstellungsausschuss durch die Oberhausener Beratungsstelle von &#8222;Pro Familia&#8220; gezeigt: Bis zum 11. Juni konnte die Beratungsstelle in 68 F\u00e4llen helfen, also bed\u00fcrftigen Klientinnen eine nach \u00e4rztlichem Rat empfohlene Verh\u00fctungsmethode finanzieren.<!--more--><\/p>\n<p>Bis zum Juni sind knapp 7.700 Euro ausgegeben worden, 15.000 Euro aus dem st\u00e4dtischen Haushalt plus 4.000 Euro von Zonta stehen f\u00fcr das ganze Jahr 2018 zur Verf\u00fcgung.<\/p>\n<p>\u00dcber alle Fraktions- und Parteigrenzen hinweg waren sich die Mitglieder des Gleichstellungsausschusses einig, f\u00fcr eine dauerhafte Finanzierung des Verh\u00fctungsmittelfonds zu sorgen. &#8222;Es w\u00e4re wichtig, den Verh\u00fctungsmittelfonds auch dauerhaft auf eine solide finanzielle Basis zu stellen.<\/p>\n<p>Wir freuen uns, dass diese Ansicht auch von den anderen Fraktionen und Gruppen im Gleichstellungsausschuss geteilt wird&#8220;, erkl\u00e4rt SPD-Stadtverordneter Manuel Dr\u00f6hne.<\/p>\n","protected":false},"excerpt":{"rendered":"<p>Der von der Ratskoalition aus SPD, Gr\u00fcnen und FDP Ende vergangenen Jahres initiierte Verh\u00fctungsmittelfonds hat sich als erfolgreiches Projekt erwiesen. Dies hat sich bei der Berichterstattung am Mittwoch im Gleichstellungsausschuss&hellip; <\/p>\n","protected":false},"author":1,"featured_media":0,"comment_status":"closed","ping_status":"closed","sticky":false,"template":"","format":"standard","meta":{"footnotes":""},"categories":[95],"tags":[898,1585],"quellen":[326],"class_list":["post-5237","post","type-post","status-publish","format-standard","hentry","category-gleichstellung","tag-ampel-koalition","tag-verhuetungsmittelfonds","quellen-spd-fraktion-oberhausen"],"_links":{"self":[{"href":"https:\/\/meier-gerdingh.de\/wp-spd-ob\/wp-json\/wp\/v2\/posts\/5237","targetHints":{"allow":["GET"]}}],"collection":[{"href":"https:\/\/meier-gerdingh.de\/wp-spd-ob\/wp-json\/wp\/v2\/posts"}],"about":[{"href":"https:\/\/meier-gerdingh.de\/wp-spd-ob\/wp-json\/wp\/v2\/types\/post"}],"author":[{"embeddable":true,"href":"https:\/\/meier-gerdingh.de\/wp-spd-ob\/wp-json\/wp\/v2\/users\/1"}],"replies":[{"embeddable":true,"href":"https:\/\/meier-gerdingh.de\/wp-spd-ob\/wp-json\/wp\/v2\/comments?post=5237"}],"version-history":[{"count":0,"href":"https:\/\/meier-gerdingh.de\/wp-spd-ob\/wp-json\/wp\/v2\/posts\/5237\/revisions"}],"wp:attachment":[{"href":"https:\/\/meier-gerdingh.de\/wp-spd-ob\/wp-json\/wp\/v2\/media?parent=5237"}],"wp:term":[{"taxonomy":"category","embeddable":true,"href":"https:\/\/meier-gerdingh.de\/wp-spd-ob\/wp-json\/wp\/v2\/categories?post=5237"},{"taxonomy":"post_tag","embeddable":true,"href":"https:\/\/meier-gerdingh.de\/wp-spd-ob\/wp-json\/wp\/v2\/tags?post=5237"},{"taxonomy":"quellen","embeddable":true,"href":"https:\/\/meier-gerdingh.de\/wp-spd-ob\/wp-json\/wp\/v2\/quellen?post=5237"}],"curies":[{"name":"wp","href":"https:\/\/api.w.org\/{rel}","templated":true}]}}