{"id":5266,"date":"2018-06-26T16:08:53","date_gmt":"2018-06-26T14:08:53","guid":{"rendered":"http:\/\/meier-gerdingh.de\/wp-spd-ob\/?p=5266"},"modified":"2018-06-26T16:08:53","modified_gmt":"2018-06-26T14:08:53","slug":"rat-beschliesst-planungsvereinbarung-fuer-den-sterkrader-bahnhof","status":"publish","type":"post","link":"https:\/\/meier-gerdingh.de\/wp-spd-ob\/2018\/06\/26\/rat-beschliesst-planungsvereinbarung-fuer-den-sterkrader-bahnhof\/","title":{"rendered":"Rat beschlie\u00dft Planungsvereinbarung f\u00fcr den Sterkrader Bahnhof"},"content":{"rendered":"<div id=\"attachment_2033\" style=\"width: 150px\" class=\"wp-caption alignleft\"><a href=\"http:\/\/meier-gerdingh.de\/wp-spd-ob\/wp-content\/uploads\/real_ulrich_14.jpg\"><img aria-describedby=\"caption-attachment-2033\" decoding=\"async\" class=\"size-full wp-image-2033\" src=\"http:\/\/meier-gerdingh.de\/wp-spd-ob\/wp-content\/uploads\/real_ulrich_14.jpg\" alt=\"\" width=\"140\" height=\"170\" srcset=\"https:\/\/meier-gerdingh.de\/wp-spd-ob\/wp-content\/uploads\/real_ulrich_14.jpg 140w, https:\/\/meier-gerdingh.de\/wp-spd-ob\/wp-content\/uploads\/real_ulrich_14-123x150.jpg 123w\" sizes=\"(max-width: 140px) 100vw, 140px\" \/><\/a><p id=\"caption-attachment-2033\" class=\"wp-caption-text\">Ulrich Real ist planungspolitischer Sprecher der SPD-Fraktion und Bezirksb\u00fcrgermeister von Sterkrade<\/p><\/div>\n<p>In seiner letzten Sitzung vor der Sommerpause hat der Rat den Abschluss einer Planungsvereinbarung mit der DB Netz AG zum Umbau des Sterkrader Bahnhofs beschlossen. In dieser Vereinbarung erkl\u00e4rt sich die Deutsche Bahn bereit, das Gewinnerkonzept &#8222;Lichtwelten&#8220; bei der Neugestaltung des Bahnhofs umzusetzen.<\/p>\n<p>F\u00fcr den Sterkrader Bezirksb\u00fcrgermeister Ulrich Real ist dieser Beschluss ein wichtiger Mosaikstein in der Weiterentwicklung des Stadtteils. &#8222;Das bedeutet nicht nur Licht am Ende des Tunnels, sondern endlich auch Licht im Tunnel&#8220;, freut sich der SPD-Stadtverordnete.<!--more--><\/p>\n<p>St\u00e4dtebauliche Ma\u00dfnahmen aus dem integrierten Handlungskonzept f\u00fcr Sterkrade und Bauma\u00dfnahmen rund um den Ausbau der Betuwe-Linie in Einklang zu bringen, ist eine Forderung aller handelnden Sterkrader Akteure. Der Bahnhof ist dabei eine der Schl\u00fcsselimmobilien.<\/p>\n<p>St\u00e4dtebaulich bildet er den westlichen Eingangsbereich in die Innenstadt. F\u00fcr die Deutsche Bahn ist der Bahnhof ein wichtiger Knotenpunkt f\u00fcr den \u00f6ffentlichen Personennahverkehr. Au\u00dferdem erschlie\u00dft der Bahnhof \u00fcber die Neum\u00fchler Stra\u00dfe auch den Stadtteil Schwarze Heide.<\/p>\n","protected":false},"excerpt":{"rendered":"<p>In seiner letzten Sitzung vor der Sommerpause hat der Rat den Abschluss einer Planungsvereinbarung mit der DB Netz AG zum Umbau des Sterkrader Bahnhofs beschlossen. In dieser Vereinbarung erkl\u00e4rt sich&hellip; <\/p>\n","protected":false},"author":1,"featured_media":0,"comment_status":"closed","ping_status":"closed","sticky":false,"template":"","format":"standard","meta":{"footnotes":""},"categories":[27,167],"tags":[1528,480,1297,129,46],"quellen":[326],"class_list":["post-5266","post","type-post","status-publish","format-standard","hentry","category-planen-bauen-wohnen-verkehr","category-stadtteile","tag-lichtwelten","tag-bahnhof-sterkrade","tag-betuwe-ausbau","tag-betuwe-linie","tag-sterkrade","quellen-spd-fraktion-oberhausen"],"_links":{"self":[{"href":"https:\/\/meier-gerdingh.de\/wp-spd-ob\/wp-json\/wp\/v2\/posts\/5266","targetHints":{"allow":["GET"]}}],"collection":[{"href":"https:\/\/meier-gerdingh.de\/wp-spd-ob\/wp-json\/wp\/v2\/posts"}],"about":[{"href":"https:\/\/meier-gerdingh.de\/wp-spd-ob\/wp-json\/wp\/v2\/types\/post"}],"author":[{"embeddable":true,"href":"https:\/\/meier-gerdingh.de\/wp-spd-ob\/wp-json\/wp\/v2\/users\/1"}],"replies":[{"embeddable":true,"href":"https:\/\/meier-gerdingh.de\/wp-spd-ob\/wp-json\/wp\/v2\/comments?post=5266"}],"version-history":[{"count":0,"href":"https:\/\/meier-gerdingh.de\/wp-spd-ob\/wp-json\/wp\/v2\/posts\/5266\/revisions"}],"wp:attachment":[{"href":"https:\/\/meier-gerdingh.de\/wp-spd-ob\/wp-json\/wp\/v2\/media?parent=5266"}],"wp:term":[{"taxonomy":"category","embeddable":true,"href":"https:\/\/meier-gerdingh.de\/wp-spd-ob\/wp-json\/wp\/v2\/categories?post=5266"},{"taxonomy":"post_tag","embeddable":true,"href":"https:\/\/meier-gerdingh.de\/wp-spd-ob\/wp-json\/wp\/v2\/tags?post=5266"},{"taxonomy":"quellen","embeddable":true,"href":"https:\/\/meier-gerdingh.de\/wp-spd-ob\/wp-json\/wp\/v2\/quellen?post=5266"}],"curies":[{"name":"wp","href":"https:\/\/api.w.org\/{rel}","templated":true}]}}