{"id":53,"date":"2002-02-26T17:00:00","date_gmt":"2002-02-26T15:00:00","guid":{"rendered":"http:\/\/www.meier-gerdingh.de\/spd-oberhausen\/wp\/?p=53"},"modified":"2017-05-12T09:30:00","modified_gmt":"2017-05-12T07:30:00","slug":"spd-fraktion-beantragt-grundsaetzliche-ueberpruefung","status":"publish","type":"post","link":"https:\/\/meier-gerdingh.de\/wp-spd-ob\/2002\/02\/26\/spd-fraktion-beantragt-grundsaetzliche-ueberpruefung\/","title":{"rendered":"SPD-Fraktion beantragt grunds\u00e4tzliche \u00dcberpr\u00fcfung"},"content":{"rendered":"<div style=\"width: 74px\" class=\"wp-caption alignleft\"><a href=\"http:\/\/meier-gerdingh.de\/wp-spd-ob\/wp-content\/uploads\/friedhof.jpg\"><img decoding=\"async\" class=\"size-full\" src=\"http:\/\/meier-gerdingh.de\/wp-spd-ob\/wp-content\/uploads\/friedhof.jpg\" alt=\"Friedhofsgeb\u00fchren\" width=\"64\" height=\"90\" \/><\/a><p class=\"wp-caption-text\">Friedhofsgeb\u00fchren<\/p><\/div>\n<p>Auf ihrer j\u00fcngsten Sitzung hat die SPD-Fraktion beschlossen, das kommunale Friedhofswesen umfassend auf den Pr\u00fcfstand zu stellen. &#8222;Wir wollen die kommunale Friedhofslandschaft in Oberhausen neu ordnen,&#8220; so der SPD-Fraktionsvorsitzende Wolfgang Gro\u00dfe Br\u00f6mer.<!--more--><\/p>\n<p>Aus der Entwicklung der Friedhofsgeb\u00fchren, die wie alle Geb\u00fchrenarten kostendeckend zu erheben sind, ergibt sich eine Negativ-Spirale, die zu stoppen ist: Denn aufgrund des ge\u00e4nderten Bestattungsverhaltens und der Kostensteigerungen ist eine r\u00fcckl\u00e4ufige Zahl von Bestattungen auf st\u00e4dtischen Friedh\u00f6fen zu verzeichnen. Das Kostendeckungsgebot \u00fcber die Umlage von Fixkosten f\u00fchrt dann zur Konsequenz, dass Geb\u00fchren auch zuk\u00fcnftig weiter ansteigen.<\/p>\n<p>Die zust\u00e4ndige Arbeitskreisleiterin Umwelt der SPD-Fraktion, Anne Jan\u00dfen, erinnert in diesem Zusammenhang an die Diskussion zum Friedhofsbedarfsplan 2000 &#8211; 2015, die der Rat der Stadt bereits im April 2000 gef\u00fchrt hat. Hiermit hat der Rat der Stadt in einem 4-Punkte Beschluss nach wie vor g\u00fcltige Eckpunkte f\u00fcr die Entwicklung der Friedhofslandschaft in Oberhausen formuliert.<\/p>\n<p>Konkret soll mit einer entsprechenden Antragstellung im zust\u00e4ndigen Umweltausschuss an diese Diskussion angekn\u00fcpft werden. Von zentraler Bedeutung ist f\u00fcr die SPD-Fraktion dabei eine Analyse der vertraglichen Leistungsbeziehung mit der WBO und der vorgehaltenen Infrastruktur an Ger\u00e4t und Man-Power mit dem Ziel, Kosten zu minimieren.<\/p>\n<p>Da das Auswahlverhalten bei Bestattungsarten auch durch Kostenstruktur und Pflegeaufwand beeinflusst wird, soll ferner \u00fcberpr\u00fcft werden, ob ein vergleichbar kosteng\u00fcnstiges Angebot wie bei anonymen Bestattungsarten auch f\u00fcr die angebotenen Reihengrabarten m\u00f6glich ist. &#8222;Hier gilt es, Angeh\u00f6rige bei der Trauerbew\u00e4ltigung dadurch zu unterst\u00fctzen, dass nicht aus Kostengesichtspunkten anonyme Bestattungsarten gew\u00e4hlt werden m\u00fcssen.<\/p>\n<p>Au\u00dferdem ist auch an das Bestattungsgewerbe zu appellieren, Angeh\u00f6rige \u00fcber kosteng\u00fcnstige Grabpflegeangebote z.B. durch den sog. Alternativen Grabpflegevertrag mit der Treuhandstelle K\u00f6ln zu informieren.<\/p>\n<p>F\u00fcr viele \u00e4ltere Mitb\u00fcrgerinnen und Mitb\u00fcrger ist wesentlicher Bestandteil von W\u00fcrde, dass ein Begr\u00e4bnis nicht zu einer finanziellen Belastung der Angeh\u00f6rigen wird. Dieser wichtige soziale Aspekt ist auch bei der Angebotsstruktur zu ber\u00fccksichtigen,&#8220; so der SPD-Fraktionsvorsitzende Wolfgang Gro\u00dfe Br\u00f6mer.<\/p>\n","protected":false},"excerpt":{"rendered":"<p>Auf ihrer j\u00fcngsten Sitzung hat die SPD-Fraktion beschlossen, das kommunale Friedhofswesen umfassend auf den Pr\u00fcfstand zu stellen. &#8222;Wir wollen die kommunale Friedhofslandschaft in Oberhausen neu ordnen,&#8220; so der SPD-Fraktionsvorsitzende Wolfgang&hellip; <\/p>\n","protected":false},"author":1,"featured_media":0,"comment_status":"closed","ping_status":"closed","sticky":false,"template":"","format":"standard","meta":{"footnotes":""},"categories":[1],"tags":[],"quellen":[],"class_list":["post-53","post","type-post","status-publish","format-standard","hentry","category-allgemein"],"_links":{"self":[{"href":"https:\/\/meier-gerdingh.de\/wp-spd-ob\/wp-json\/wp\/v2\/posts\/53","targetHints":{"allow":["GET"]}}],"collection":[{"href":"https:\/\/meier-gerdingh.de\/wp-spd-ob\/wp-json\/wp\/v2\/posts"}],"about":[{"href":"https:\/\/meier-gerdingh.de\/wp-spd-ob\/wp-json\/wp\/v2\/types\/post"}],"author":[{"embeddable":true,"href":"https:\/\/meier-gerdingh.de\/wp-spd-ob\/wp-json\/wp\/v2\/users\/1"}],"replies":[{"embeddable":true,"href":"https:\/\/meier-gerdingh.de\/wp-spd-ob\/wp-json\/wp\/v2\/comments?post=53"}],"version-history":[{"count":0,"href":"https:\/\/meier-gerdingh.de\/wp-spd-ob\/wp-json\/wp\/v2\/posts\/53\/revisions"}],"wp:attachment":[{"href":"https:\/\/meier-gerdingh.de\/wp-spd-ob\/wp-json\/wp\/v2\/media?parent=53"}],"wp:term":[{"taxonomy":"category","embeddable":true,"href":"https:\/\/meier-gerdingh.de\/wp-spd-ob\/wp-json\/wp\/v2\/categories?post=53"},{"taxonomy":"post_tag","embeddable":true,"href":"https:\/\/meier-gerdingh.de\/wp-spd-ob\/wp-json\/wp\/v2\/tags?post=53"},{"taxonomy":"quellen","embeddable":true,"href":"https:\/\/meier-gerdingh.de\/wp-spd-ob\/wp-json\/wp\/v2\/quellen?post=53"}],"curies":[{"name":"wp","href":"https:\/\/api.w.org\/{rel}","templated":true}]}}