{"id":530,"date":"2006-09-12T16:00:00","date_gmt":"2006-09-12T14:00:00","guid":{"rendered":"http:\/\/www.meier-gerdingh.de\/spd-oberhausen\/wp\/?p=530"},"modified":"2017-05-14T15:38:39","modified_gmt":"2017-05-14T13:38:39","slug":"vorstand-im-amt-bestaetigt","status":"publish","type":"post","link":"https:\/\/meier-gerdingh.de\/wp-spd-ob\/2006\/09\/12\/vorstand-im-amt-bestaetigt\/","title":{"rendered":"Vorstand im Amt best\u00e4tigt"},"content":{"rendered":"<div style=\"width: 150px\" class=\"wp-caption alignleft\"><a href=\"http:\/\/meier-gerdingh.de\/wp-spd-ob\/wp-content\/uploads\/grosse_broemer_wolfgang.jpg\"><img decoding=\"async\" class=\"size-full\" src=\"http:\/\/meier-gerdingh.de\/wp-spd-ob\/wp-content\/uploads\/grosse_broemer_wolfgang.jpg\" alt=\"Wieder zum Vorsitzenden der SPD-Fraktion gew\u00e4hlt: Wolfgang Gro\u00dfe Br\u00f6mer, MdL\" width=\"140\" height=\"191\" \/><\/a><p class=\"wp-caption-text\">Wieder zum Vorsitzenden der SPD-Fraktion gew\u00e4hlt: Wolfgang Gro\u00dfe Br\u00f6mer, MdL<\/p><\/div>\n<p>In der gestrigen Sitzung der SPD-Fraktion standen satzungsgem\u00e4\u00df wichtige Personalentscheidungen an: Die sozialdemokratischen Ratsmitglieder haben f\u00fcr die restliche Legislaturperiode des Stadtrates bis 2009 die F\u00fchrungsspitze der Fraktion gew\u00e4hlt. Unter Sitzungsleitung durch B\u00fcrgermeisterin Elia Albrecht-Mainz wurde der Oberhausener Landtagsabgeordnete Wolfgang Gro\u00dfe Br\u00f6mer als Fraktionsvorsitzender best\u00e4tigt. Ebenso wurden mit der Sterkrader Stadtverordneten Anne Jan\u00dfen und dem Osterfelder Rats- und Bezirkvertretungsmitglied Stefan Zimkeit die bisherigen stellvertretenden Fraktionsvorsitzenden wiedergew\u00e4hlt.<!--more--><\/p>\n<p>Dem engsten F\u00fchrungskreis der SPD-Ratsfraktion geh\u00f6ren auch weiterhin als Beisitzer an: Beatriks Brands, Kirsten Oberste-Kleinbeck, Elke Kemper, Thomas Di\u00dfelmeyer, Karl-Heinz Emerich und Frank Motschull.<\/p>\n","protected":false},"excerpt":{"rendered":"<p>In der gestrigen Sitzung der SPD-Fraktion standen satzungsgem\u00e4\u00df wichtige Personalentscheidungen an: Die sozialdemokratischen Ratsmitglieder haben f\u00fcr die restliche Legislaturperiode des Stadtrates bis 2009 die F\u00fchrungsspitze der Fraktion gew\u00e4hlt. Unter Sitzungsleitung&hellip; <\/p>\n","protected":false},"author":1,"featured_media":0,"comment_status":"closed","ping_status":"closed","sticky":false,"template":"","format":"standard","meta":{"footnotes":""},"categories":[1],"tags":[],"quellen":[],"class_list":["post-530","post","type-post","status-publish","format-standard","hentry","category-allgemein"],"_links":{"self":[{"href":"https:\/\/meier-gerdingh.de\/wp-spd-ob\/wp-json\/wp\/v2\/posts\/530","targetHints":{"allow":["GET"]}}],"collection":[{"href":"https:\/\/meier-gerdingh.de\/wp-spd-ob\/wp-json\/wp\/v2\/posts"}],"about":[{"href":"https:\/\/meier-gerdingh.de\/wp-spd-ob\/wp-json\/wp\/v2\/types\/post"}],"author":[{"embeddable":true,"href":"https:\/\/meier-gerdingh.de\/wp-spd-ob\/wp-json\/wp\/v2\/users\/1"}],"replies":[{"embeddable":true,"href":"https:\/\/meier-gerdingh.de\/wp-spd-ob\/wp-json\/wp\/v2\/comments?post=530"}],"version-history":[{"count":0,"href":"https:\/\/meier-gerdingh.de\/wp-spd-ob\/wp-json\/wp\/v2\/posts\/530\/revisions"}],"wp:attachment":[{"href":"https:\/\/meier-gerdingh.de\/wp-spd-ob\/wp-json\/wp\/v2\/media?parent=530"}],"wp:term":[{"taxonomy":"category","embeddable":true,"href":"https:\/\/meier-gerdingh.de\/wp-spd-ob\/wp-json\/wp\/v2\/categories?post=530"},{"taxonomy":"post_tag","embeddable":true,"href":"https:\/\/meier-gerdingh.de\/wp-spd-ob\/wp-json\/wp\/v2\/tags?post=530"},{"taxonomy":"quellen","embeddable":true,"href":"https:\/\/meier-gerdingh.de\/wp-spd-ob\/wp-json\/wp\/v2\/quellen?post=530"}],"curies":[{"name":"wp","href":"https:\/\/api.w.org\/{rel}","templated":true}]}}