{"id":5304,"date":"2018-06-28T17:18:39","date_gmt":"2018-06-28T15:18:39","guid":{"rendered":"http:\/\/meier-gerdingh.de\/wp-spd-ob\/?p=5304"},"modified":"2018-07-02T17:21:23","modified_gmt":"2018-07-02T15:21:23","slug":"neue-pflegeausbildung-nimmt-weitere-huerde","status":"publish","type":"post","link":"https:\/\/meier-gerdingh.de\/wp-spd-ob\/2018\/06\/28\/neue-pflegeausbildung-nimmt-weitere-huerde\/","title":{"rendered":"Neue Pflegeausbildung nimmt weitere H\u00fcrde"},"content":{"rendered":"<div id=\"attachment_1681\" style=\"width: 150px\" class=\"wp-caption alignleft\"><a href=\"http:\/\/meier-gerdingh.de\/wp-spd-ob\/wp-content\/uploads\/voepel_dirk_mdb.jpg\"><img aria-describedby=\"caption-attachment-1681\" decoding=\"async\" class=\"size-full wp-image-1681\" src=\"http:\/\/meier-gerdingh.de\/wp-spd-ob\/wp-content\/uploads\/voepel_dirk_mdb.jpg\" alt=\"\" width=\"140\" height=\"180\" \/><\/a><p id=\"caption-attachment-1681\" class=\"wp-caption-text\">Dirk V\u00f6pel ist Bundestagsabgeordneter f\u00fcr Oberhausen und Dinslaken und Vorsitzender der Oberhausener SPD<\/p><\/div>\n<p>Der Bundestag hat jetzt endg\u00fcltig den Weg f\u00fcr die Reform der Pflegeausbildung freigemacht. Nachdem im letzten Jahr mit dem Pflegeberufereformgesetz die berufsrechtlichen Grundlagen f\u00fcr die neue Ausbildung gelegt wurden, regelt die jetzt verabschiedete Ausbildungs- und Pr\u00fcfungsverordnung die Umsetzung durch die Schultr\u00e4ger und Ausbildungsbetriebe.<\/p>\n<p>&#8222;Endlich steht der l\u00e4ngst \u00fcberf\u00e4lligen Weiterentwicklung der Pflegeberufe nun nichts mehr im Wege&#8220;, freut sich Dirk V\u00f6pel, Bundestagsabgeordneter f\u00fcr Oberhausen und Dinslaken. &#8222;Die Rechtsverordnung beinhaltet detaillierte Vorgaben f\u00fcr Ausbildungsziele und Stundenaufteilung der k\u00fcnftig zusammengelegten Ausbildung in der Kinderkranken-, Kranken- und Altenpflege und schafft die Voraussetzung, damit die neue Pflegeausbildung p\u00fcnktlich zum 01.01.2020 starten kann.&#8220;<!--more--><\/p>\n<p>Der neue, kompetenzorientierte Ansatz der Ausbildung erfolgte nach aktuellen pflegewissenschaftlichen und pflegep\u00e4dagogischen Standards und bedeute eine wichtige Weiterentwicklung des Pflegeberufs, betont V\u00f6pel. Die Vorgaben der Rechtsverordnung erm\u00f6glichten eine fundierte, an allen Versorgungsbereichen ausgerichtete und in den Schwerpunkten Krankenpflege, Kinderkrankenpflege sowie Altenpflege vertiefte Ausbildung. Insgesamt werde der Pflegeberuf deutlich aufgewertet, attraktiver und besser auf k\u00fcnftige Herausforderungen ausgerichtet.<\/p>\n<p>Mit der Ausbildungsreform sollen nicht nur mehr Pflegefachkr\u00e4ften gewonnen, sondern auch die ungerechten Gehaltsunterschiede zwischen der Alten- und Krankenpflege ausgeglichen werden. Au\u00dferdem werde endlich bundesweit das Schulgeld abgeschafft.<\/p>\n<p>&#8222;Bereits beim Pflegeberufegesetz bestand unser Koalitionspartner darauf, f\u00fcr eine sechsj\u00e4hrige \u00dcbergangszeit an den spezialisierten Ausbildungen in der Kinder- und Altenpflege als zus\u00e4tzliche Wahloption festzuhalten&#8220;, erkl\u00e4rt MdB Dirk V\u00f6pel. Auch die Rechtsverordnung habe nur mit einem Kompromiss, der eine Schm\u00e4lerung der Anforderungen an die spezialisierte Altenpflegausbildung im dritten Ausbildungsjahr beinhaltet, beschlossen werden k\u00f6nnen. Ansonsten h\u00e4tte die Union nicht zugestimmt.<\/p>\n<p>Diese \u00c4nderungen sind \u00e4rgerlich, gelten aber nur f\u00fcr einen kleinen Teilbereich im dritten Ausbildungsjahr&#8220;, stellt V\u00f6pel klar. Denn die SPD konnte durchsetzen, dass die erstmals definierten und ausschlie\u00dflich den Pflegefachkr\u00e4ften vorbehaltenen T\u00e4tigkeiten davon unber\u00fchrt bleiben. Die f\u00fcr alle verbindliche generalistische Ausbildung in den ersten beiden Ausbildungsjahren, die generalistische Kranken- und Altenpflegausbildung sowie die spezialisierte Ausbildung in der Kinderkrankenpflege sind von den \u00c4nderungen nicht betroffen.<\/p>\n<p>Bis zum Start der neuen Ausbildung im Jahr 2020 m\u00fcssen die L\u00e4nder die Vorgaben der Verordnung noch in ihr Schul- und Hochschulrecht \u00fcbernehmen. MdB Dirk V\u00f6pel ruft die Ausbildungstr\u00e4ger und Pflegeschulen in Oberhausen und Dinslaken dazu auf, sich bereits jetzt auf die neue Ausbildung einzustellen. F\u00fcr den Abschluss der notwendigen Kooperationsvertr\u00e4ge vor Ort und organisatorische \u00c4nderungen seien im Gesetz Unterst\u00fctzungsangebote vorgesehen.<\/p>\n<p>&#8222;Zur \u00dcberwindung des Fachkr\u00e4ftemangels m\u00fcssen Politik und alle Akteure in der Pflege an einem Strang ziehen&#8220;, betont der SPD-Politiker. Das gelte nicht nur f\u00fcr die beschlossene Reform der Pflegeausbildung, sondern auch f\u00fcr die n\u00e4chsten Schritte, die im Rahmen der in K\u00fcrze beginnenden Konzertierten Aktion Pflege vereinbart werden sollen.<\/p>\n","protected":false},"excerpt":{"rendered":"<p>Der Bundestag hat jetzt endg\u00fcltig den Weg f\u00fcr die Reform der Pflegeausbildung freigemacht. Nachdem im letzten Jahr mit dem Pflegeberufereformgesetz die berufsrechtlichen Grundlagen f\u00fcr die neue Ausbildung gelegt wurden, regelt&hellip; <\/p>\n","protected":false},"author":1,"featured_media":0,"comment_status":"closed","ping_status":"closed","sticky":false,"template":"","format":"standard","meta":{"footnotes":""},"categories":[297,854],"tags":[1592,472,1593,1539,1591,1590],"quellen":[330],"class_list":["post-5304","post","type-post","status-publish","format-standard","hentry","category-gesundheit","category-senioren","tag-altenpflege","tag-pflege","tag-pflegeausbildung","tag-pflegeberufe","tag-pflegeberufegesetz","tag-pflegekraeftemangel","quellen-mdb-dirk-voepel"],"_links":{"self":[{"href":"https:\/\/meier-gerdingh.de\/wp-spd-ob\/wp-json\/wp\/v2\/posts\/5304","targetHints":{"allow":["GET"]}}],"collection":[{"href":"https:\/\/meier-gerdingh.de\/wp-spd-ob\/wp-json\/wp\/v2\/posts"}],"about":[{"href":"https:\/\/meier-gerdingh.de\/wp-spd-ob\/wp-json\/wp\/v2\/types\/post"}],"author":[{"embeddable":true,"href":"https:\/\/meier-gerdingh.de\/wp-spd-ob\/wp-json\/wp\/v2\/users\/1"}],"replies":[{"embeddable":true,"href":"https:\/\/meier-gerdingh.de\/wp-spd-ob\/wp-json\/wp\/v2\/comments?post=5304"}],"version-history":[{"count":0,"href":"https:\/\/meier-gerdingh.de\/wp-spd-ob\/wp-json\/wp\/v2\/posts\/5304\/revisions"}],"wp:attachment":[{"href":"https:\/\/meier-gerdingh.de\/wp-spd-ob\/wp-json\/wp\/v2\/media?parent=5304"}],"wp:term":[{"taxonomy":"category","embeddable":true,"href":"https:\/\/meier-gerdingh.de\/wp-spd-ob\/wp-json\/wp\/v2\/categories?post=5304"},{"taxonomy":"post_tag","embeddable":true,"href":"https:\/\/meier-gerdingh.de\/wp-spd-ob\/wp-json\/wp\/v2\/tags?post=5304"},{"taxonomy":"quellen","embeddable":true,"href":"https:\/\/meier-gerdingh.de\/wp-spd-ob\/wp-json\/wp\/v2\/quellen?post=5304"}],"curies":[{"name":"wp","href":"https:\/\/api.w.org\/{rel}","templated":true}]}}