{"id":5306,"date":"2018-06-29T17:45:49","date_gmt":"2018-06-29T15:45:49","guid":{"rendered":"http:\/\/meier-gerdingh.de\/wp-spd-ob\/?p=5306"},"modified":"2018-07-04T08:42:53","modified_gmt":"2018-07-04T06:42:53","slug":"spd-bundestagsabgeordnete-aus-dem-ruhrgebiet-kritisieren-tarifflucht-bei-real","status":"publish","type":"post","link":"https:\/\/meier-gerdingh.de\/wp-spd-ob\/2018\/06\/29\/spd-bundestagsabgeordnete-aus-dem-ruhrgebiet-kritisieren-tarifflucht-bei-real\/","title":{"rendered":"SPD-Bundestagsabgeordnete aus dem Ruhrgebiet kritisieren Tarifflucht der Supermarktkette &#8222;real&#8220;"},"content":{"rendered":"<div id=\"attachment_1681\" style=\"width: 150px\" class=\"wp-caption alignleft\"><a href=\"http:\/\/meier-gerdingh.de\/wp-spd-ob\/wp-content\/uploads\/voepel_dirk_mdb.jpg\"><img aria-describedby=\"caption-attachment-1681\" decoding=\"async\" class=\"size-full wp-image-1681\" src=\"http:\/\/meier-gerdingh.de\/wp-spd-ob\/wp-content\/uploads\/voepel_dirk_mdb.jpg\" alt=\"\" width=\"140\" height=\"180\" \/><\/a><p id=\"caption-attachment-1681\" class=\"wp-caption-text\">Dirk V\u00f6pel ist Bundestagsabgeordneter f\u00fcr Oberhausen und Dinslaken und Vorsitzender der Oberhausener SPD<\/p><\/div>\n<p>Die Supermarktkette &#8222;real&#8220; plant, ihre Mitarbeiterinnen und Mitarbeiter k\u00fcnftig mit schlechteren Arbeitsvertr\u00e4gen auszustatten. Das betrifft auch die Filiale in Dinslaken. Der SPD-Bundestagsabgeordnete Dirk V\u00f6pel kritisiert die Pl\u00e4ne des Unternehmens scharf.<\/p>\n<p>&#8222;Tarifflucht und Lohndumping sind keine L\u00f6sung f\u00fcr die wirtschaftlichen Probleme des Einzelhandels. Mitarbeiterinnen und Mitarbeiter sollten als wichtige Ressource und nicht als l\u00e4stiger Kostenfaktor betrachtet werden&#8220;, so MdB Dirk V\u00f6pel.<!--more--><\/p>\n<p>Gemeinsam mit allen 17 SPD-Bundestagsabgeordneten aus dem Ruhrgebiet erkl\u00e4rt er sich solidarisch mit den bundesweit 34.000 Besch\u00e4ftigten bei real. Die SPD-Ruhr-MdBs appellieren an das Unternehmen, die Verhandlungen mit der Dienstleistungsgewerkschaft Verdi wieder aufzunehmen und eine Allgemeinverbindlichkeitserkl\u00e4rung der Tarifvertr\u00e4ge im Einzelhandel nicht weiter zu blockieren.<\/p>\n<p>Weiter stellen die Ruhr-MdBs fest: &#8222;Das unbefristete Arbeitsverh\u00e4ltnis muss wieder zur Regel werden in Deutschland. Sachgrundlose Befristungen und Kettenvertr\u00e4ge geh\u00f6ren abgeschafft.&#8220;<\/p>\n<p><strong>Download:<\/strong><\/p>\n<p><a href=\"http:\/\/meier-gerdingh.de\/wp-spd-ob\/wp-content\/uploads\/2018\/07\/spd-ruhr-mdb-18-06-29-real.pdf\">Solidarit\u00e4tserkl\u00e4rung der SPD-Bundestagsabgeordneten aus dem Ruhrgebiet mit den Besch\u00e4ftigten der Supermarktkette &#8222;real&#8220;&nbsp;&nbsp;|&nbsp;&nbsp;pdf, 220 KB<\/a><\/p>\n","protected":false},"excerpt":{"rendered":"<p>Die Supermarktkette &#8222;real&#8220; plant, ihre Mitarbeiterinnen und Mitarbeiter k\u00fcnftig mit schlechteren Arbeitsvertr\u00e4gen auszustatten. Das betrifft auch die Filiale in Dinslaken. Der SPD-Bundestagsabgeordnete Dirk V\u00f6pel kritisiert die Pl\u00e4ne des Unternehmens scharf.&hellip; <\/p>\n","protected":false},"author":1,"featured_media":0,"comment_status":"closed","ping_status":"closed","sticky":false,"template":"","format":"standard","meta":{"footnotes":""},"categories":[174],"tags":[1599,1600,1597,1446,1596,1538,1598],"quellen":[330],"class_list":["post-5306","post","type-post","status-publish","format-standard","hentry","category-arbeit-und-soziales","tag-einzelhandel","tag-kettenvertraege","tag-real","tag-sachgrundlose-befristung","tag-tarifflucht","tag-tarifvertraege","tag-verdi","quellen-mdb-dirk-voepel"],"_links":{"self":[{"href":"https:\/\/meier-gerdingh.de\/wp-spd-ob\/wp-json\/wp\/v2\/posts\/5306","targetHints":{"allow":["GET"]}}],"collection":[{"href":"https:\/\/meier-gerdingh.de\/wp-spd-ob\/wp-json\/wp\/v2\/posts"}],"about":[{"href":"https:\/\/meier-gerdingh.de\/wp-spd-ob\/wp-json\/wp\/v2\/types\/post"}],"author":[{"embeddable":true,"href":"https:\/\/meier-gerdingh.de\/wp-spd-ob\/wp-json\/wp\/v2\/users\/1"}],"replies":[{"embeddable":true,"href":"https:\/\/meier-gerdingh.de\/wp-spd-ob\/wp-json\/wp\/v2\/comments?post=5306"}],"version-history":[{"count":0,"href":"https:\/\/meier-gerdingh.de\/wp-spd-ob\/wp-json\/wp\/v2\/posts\/5306\/revisions"}],"wp:attachment":[{"href":"https:\/\/meier-gerdingh.de\/wp-spd-ob\/wp-json\/wp\/v2\/media?parent=5306"}],"wp:term":[{"taxonomy":"category","embeddable":true,"href":"https:\/\/meier-gerdingh.de\/wp-spd-ob\/wp-json\/wp\/v2\/categories?post=5306"},{"taxonomy":"post_tag","embeddable":true,"href":"https:\/\/meier-gerdingh.de\/wp-spd-ob\/wp-json\/wp\/v2\/tags?post=5306"},{"taxonomy":"quellen","embeddable":true,"href":"https:\/\/meier-gerdingh.de\/wp-spd-ob\/wp-json\/wp\/v2\/quellen?post=5306"}],"curies":[{"name":"wp","href":"https:\/\/api.w.org\/{rel}","templated":true}]}}