{"id":5342,"date":"2018-07-10T11:52:05","date_gmt":"2018-07-10T09:52:05","guid":{"rendered":"http:\/\/meier-gerdingh.de\/wp-spd-ob\/?p=5342"},"modified":"2018-07-12T12:03:54","modified_gmt":"2018-07-12T10:03:54","slug":"flore-kritisiert-stellenverlust-bei-der-oberhausener-polizei","status":"publish","type":"post","link":"https:\/\/meier-gerdingh.de\/wp-spd-ob\/2018\/07\/10\/flore-kritisiert-stellenverlust-bei-der-oberhausener-polizei\/","title":{"rendered":"Flore kritisiert Stellenverlust bei der Oberhausener Polizei"},"content":{"rendered":"<div id=\"attachment_1359\" style=\"width: 150px\" class=\"wp-caption alignleft\"><a href=\"http:\/\/meier-gerdingh.de\/wp-spd-ob\/wp-content\/uploads\/flore_manfred_14.jpg\"><img aria-describedby=\"caption-attachment-1359\" decoding=\"async\" class=\"size-full wp-image-1359\" src=\"http:\/\/meier-gerdingh.de\/wp-spd-ob\/wp-content\/uploads\/flore_manfred_14.jpg\" alt=\"\" width=\"140\" height=\"169\" \/><\/a><p id=\"caption-attachment-1359\" class=\"wp-caption-text\">Manfred Flore ist ordnungspolitischer Sprecher der SPD-Fraktion<\/p><\/div>\n<p>Der SPD-Stadtverordnete Manfred Flore hat die von WAZ\/NRZ enth\u00fcllten Pl\u00e4ne der schwarz-gelben Landesregierung, die Polizeist\u00e4rke in Oberhausen um sieben Stellen zu k\u00fcrzen, kritisiert. &#8222;In den beschaulichen Gebieten des Landes wird ohne Not die Beamtenzahl erh\u00f6ht und St\u00e4dte wie Oberhausen l\u00e4sst Innenminister Reul im Stich&#8220;, erkl\u00e4rt Flore, der Mitglied im Polizeibeirat ist.<!--more--><\/p>\n<p>&#8222;Wir planen vor Ort zusammen mit der Polizei und dem st\u00e4dtischen Ordnungsdienst einen gemeinsamen Auftritt in Alt-Oberhausen sowie den verst\u00e4rkten Einsatz der erfolgreichen, mobilen Wache, und dann werden unsere Pl\u00e4ne und Ideen durch diesen Stellenabbau torpediert&#8220;, so Flore, der auch die \u00f6rtliche CDU in der Pflicht sieht.<\/p>\n<p>&#8222;Auf ihrer Fraktionsklausur haben sich die Christdemokraten ja auch dem Problem der Angstr\u00e4ume gewidmet und Vorschl\u00e4ge unterbreitet&#8220;, so Flore. &#8222;Dabei d\u00fcrfte auch der Oberhausener CDU klar sein: Nichts schafft soviel Sicherheit wie die Pr\u00e4senz der Polizei vor Ort. Oberhausen kann auf die sieben Stellen nicht verzichten. Das muss Oberb\u00fcrgermeister Schranz nun in D\u00fcsseldorf klarstellen.&#8220;<\/p>\n","protected":false},"excerpt":{"rendered":"<p>Der SPD-Stadtverordnete Manfred Flore hat die von WAZ\/NRZ enth\u00fcllten Pl\u00e4ne der schwarz-gelben Landesregierung, die Polizeist\u00e4rke in Oberhausen um sieben Stellen zu k\u00fcrzen, kritisiert. &#8222;In den beschaulichen Gebieten des Landes wird&hellip; <\/p>\n","protected":false},"author":1,"featured_media":0,"comment_status":"closed","ping_status":"closed","sticky":false,"template":"","format":"standard","meta":{"footnotes":""},"categories":[7],"tags":[277,1442,6,498,629,1141],"quellen":[326],"class_list":["post-5342","post","type-post","status-publish","format-standard","hentry","category-sicherheit","tag-kommunaler-ordnungsdienst","tag-mobile-wache","tag-polizei","tag-polizei-oberhausen","tag-polizeibeirat","tag-polizeistellen","quellen-spd-fraktion-oberhausen"],"_links":{"self":[{"href":"https:\/\/meier-gerdingh.de\/wp-spd-ob\/wp-json\/wp\/v2\/posts\/5342","targetHints":{"allow":["GET"]}}],"collection":[{"href":"https:\/\/meier-gerdingh.de\/wp-spd-ob\/wp-json\/wp\/v2\/posts"}],"about":[{"href":"https:\/\/meier-gerdingh.de\/wp-spd-ob\/wp-json\/wp\/v2\/types\/post"}],"author":[{"embeddable":true,"href":"https:\/\/meier-gerdingh.de\/wp-spd-ob\/wp-json\/wp\/v2\/users\/1"}],"replies":[{"embeddable":true,"href":"https:\/\/meier-gerdingh.de\/wp-spd-ob\/wp-json\/wp\/v2\/comments?post=5342"}],"version-history":[{"count":0,"href":"https:\/\/meier-gerdingh.de\/wp-spd-ob\/wp-json\/wp\/v2\/posts\/5342\/revisions"}],"wp:attachment":[{"href":"https:\/\/meier-gerdingh.de\/wp-spd-ob\/wp-json\/wp\/v2\/media?parent=5342"}],"wp:term":[{"taxonomy":"category","embeddable":true,"href":"https:\/\/meier-gerdingh.de\/wp-spd-ob\/wp-json\/wp\/v2\/categories?post=5342"},{"taxonomy":"post_tag","embeddable":true,"href":"https:\/\/meier-gerdingh.de\/wp-spd-ob\/wp-json\/wp\/v2\/tags?post=5342"},{"taxonomy":"quellen","embeddable":true,"href":"https:\/\/meier-gerdingh.de\/wp-spd-ob\/wp-json\/wp\/v2\/quellen?post=5342"}],"curies":[{"name":"wp","href":"https:\/\/api.w.org\/{rel}","templated":true}]}}