{"id":5343,"date":"2018-07-11T11:56:20","date_gmt":"2018-07-11T09:56:20","guid":{"rendered":"http:\/\/meier-gerdingh.de\/wp-spd-ob\/?p=5343"},"modified":"2018-07-12T12:03:29","modified_gmt":"2018-07-12T10:03:29","slug":"nrw-finanzpolitik-auf-kosten-der-staedte","status":"publish","type":"post","link":"https:\/\/meier-gerdingh.de\/wp-spd-ob\/2018\/07\/11\/nrw-finanzpolitik-auf-kosten-der-staedte\/","title":{"rendered":"NRW-Finanzpolitik auf Kosten der St\u00e4dte"},"content":{"rendered":"<div id=\"attachment_4242\" style=\"width: 150px\" class=\"wp-caption alignleft\"><a href=\"http:\/\/meier-gerdingh.de\/wp-spd-ob\/wp-content\/uploads\/2017\/05\/zimkeit_stefan_17.jpg\"><img aria-describedby=\"caption-attachment-4242\" decoding=\"async\" class=\"size-full wp-image-4242\" src=\"http:\/\/meier-gerdingh.de\/wp-spd-ob\/wp-content\/uploads\/2017\/05\/zimkeit_stefan_17.jpg\" alt=\"\" width=\"140\" height=\"192\" \/><\/a><p id=\"caption-attachment-4242\" class=\"wp-caption-text\">Stefan Zimkeit ist Landtagsabgeordneter f\u00fcr Oberhausen-Sterkrade und Dinslaken sowie finanzpolitischer Sprecher der SPD-Landtagsfraktion<\/p><\/div>\n<p>&#8222;Haushaltstricks auf Kosten der St\u00e4dte&#8220; wirft Stefan Zimkeit der CDU-FDP-Landesregierung vor. Der Landtagsabgeordnete, der soeben als finanzpolitischer Sprecher und Fraktionsvorstandsmitglied der SPD wiedergew\u00e4hlt wurde, wies auf die aktuellen Rekordsteuereinnahmen hin. &#8222;Da sollte es eigentlich m\u00f6glich sein, die Haushaltsplanungen einzuhalten, ohne die Kommunen zu belasten.&#8220;<!--more--><\/p>\n<p>Laut Zimkeit geht es um zus\u00e4tzliche Bundesmittel in H\u00f6he von 230 Millionen Euro, die f\u00fcr die Unterbringung von Asylbewerbern vorgesehen sind. &#8222;Statt das Geld an die Kommunen weiterzuleiten, m\u00f6chte der Finanzminister damit Haushaltsl\u00f6cher im n\u00e4chsten Jahr stopfen.&#8220;<\/p>\n<p>Wenig Hoffnung hat Stefan Zimkeit, dass die f\u00fcr 2019 angek\u00fcndigten 3.700 zus\u00e4tzlichen Lehrerstellen tats\u00e4chlich in St\u00e4dten wie Oberhausen und Dinslaken ankommen. &#8222;Denn die Landesregierung musste einr\u00e4umen, dass schon jetzt landesweit 6.000 Stellen unbesetzt sind.&#8220;<\/p>\n<p>Auch die versprochene zus\u00e4tzliche Unterst\u00fctzung f\u00fcr die Kitas scheine die Landesregierung schuldig zu bleiben. Stefan Zimkeit vermutet, dass sie auf das &#8222;Gute-Kita-Gesetz&#8220; von Bundesfamilienministerin Franziska Giffey (SPD) zur\u00fcckgreifen wolle. &#8222;Das ist zu wenig. NRW muss sich selbst f\u00fcr eine verbesserte fr\u00fchkindliche Bildung engagieren.&#8220;<\/p>\n","protected":false},"excerpt":{"rendered":"<p>&#8222;Haushaltstricks auf Kosten der St\u00e4dte&#8220; wirft Stefan Zimkeit der CDU-FDP-Landesregierung vor. Der Landtagsabgeordnete, der soeben als finanzpolitischer Sprecher und Fraktionsvorstandsmitglied der SPD wiedergew\u00e4hlt wurde, wies auf die aktuellen Rekordsteuereinnahmen hin.&hellip; <\/p>\n","protected":false},"author":1,"featured_media":0,"comment_status":"closed","ping_status":"closed","sticky":false,"template":"","format":"standard","meta":{"footnotes":""},"categories":[98,216],"tags":[229,604,14,565,1373],"quellen":[331],"class_list":["post-5343","post","type-post","status-publish","format-standard","hentry","category-finanzen","category-land","tag-bundesmittel","tag-kindertagesstaetten","tag-kommunalfinanzen","tag-landeshaushalt","tag-lehrerstellen","quellen-mdl-stefan-zimkeit"],"_links":{"self":[{"href":"https:\/\/meier-gerdingh.de\/wp-spd-ob\/wp-json\/wp\/v2\/posts\/5343","targetHints":{"allow":["GET"]}}],"collection":[{"href":"https:\/\/meier-gerdingh.de\/wp-spd-ob\/wp-json\/wp\/v2\/posts"}],"about":[{"href":"https:\/\/meier-gerdingh.de\/wp-spd-ob\/wp-json\/wp\/v2\/types\/post"}],"author":[{"embeddable":true,"href":"https:\/\/meier-gerdingh.de\/wp-spd-ob\/wp-json\/wp\/v2\/users\/1"}],"replies":[{"embeddable":true,"href":"https:\/\/meier-gerdingh.de\/wp-spd-ob\/wp-json\/wp\/v2\/comments?post=5343"}],"version-history":[{"count":0,"href":"https:\/\/meier-gerdingh.de\/wp-spd-ob\/wp-json\/wp\/v2\/posts\/5343\/revisions"}],"wp:attachment":[{"href":"https:\/\/meier-gerdingh.de\/wp-spd-ob\/wp-json\/wp\/v2\/media?parent=5343"}],"wp:term":[{"taxonomy":"category","embeddable":true,"href":"https:\/\/meier-gerdingh.de\/wp-spd-ob\/wp-json\/wp\/v2\/categories?post=5343"},{"taxonomy":"post_tag","embeddable":true,"href":"https:\/\/meier-gerdingh.de\/wp-spd-ob\/wp-json\/wp\/v2\/tags?post=5343"},{"taxonomy":"quellen","embeddable":true,"href":"https:\/\/meier-gerdingh.de\/wp-spd-ob\/wp-json\/wp\/v2\/quellen?post=5343"}],"curies":[{"name":"wp","href":"https:\/\/api.w.org\/{rel}","templated":true}]}}