{"id":5347,"date":"2018-07-12T14:26:33","date_gmt":"2018-07-12T12:26:33","guid":{"rendered":"http:\/\/meier-gerdingh.de\/wp-spd-ob\/?p=5347"},"modified":"2018-07-13T14:55:15","modified_gmt":"2018-07-13T12:55:15","slug":"bahnsteigdach-wird-provisorisch-wieder-hergestellt","status":"publish","type":"post","link":"https:\/\/meier-gerdingh.de\/wp-spd-ob\/2018\/07\/12\/bahnsteigdach-wird-provisorisch-wieder-hergestellt\/","title":{"rendered":"Bahnsteigdach wird provisorisch wieder hergestellt"},"content":{"rendered":"<div id=\"attachment_4242\" style=\"width: 150px\" class=\"wp-caption alignleft\"><a href=\"http:\/\/meier-gerdingh.de\/wp-spd-ob\/wp-content\/uploads\/2017\/05\/zimkeit_stefan_17.jpg\"><img aria-describedby=\"caption-attachment-4242\" decoding=\"async\" class=\"size-full wp-image-4242\" src=\"http:\/\/meier-gerdingh.de\/wp-spd-ob\/wp-content\/uploads\/2017\/05\/zimkeit_stefan_17.jpg\" alt=\"\" width=\"140\" height=\"192\" \/><\/a><p id=\"caption-attachment-4242\" class=\"wp-caption-text\">Stefan Zimkeit ist Landtagsabgeordneter f\u00fcr Oberhausen-Sterkrade und Dinslaken sowie finanzpolitischer Sprecher der SPD-Landtagsfraktion<\/p><\/div>\n<p>&#8222;Die alte \u00dcberdachung des Sterkrader Bahnhofs, von der nur noch das Gerippe steht, wird in Teilen provisorisch wieder hergestellt&#8220;, teilt Stefan Zimkeit mit. &#8222;Voraussichtlicher Baubeginn ist laut Bahn sp\u00e4testens in der vierten Juliwoche.&#8220;<\/p>\n<p>Der SPD-Landtagsabgeordnete hatte nach den Besch\u00e4digungen durch den Orkan &#8222;Friederike&#8220; in mehreren Briefen und Gespr\u00e4chen auf die unhaltbare Situation hingewiesen. &#8222;Hartn\u00e4ckigkeit zahlt sich aus&#8220;, sagt Zimkeit. &#8222;Ich war nicht bereit, den zus\u00e4tzlichen Wetterschutz f\u00fcr gerade mal vier Sitzpl\u00e4tze als L\u00f6sung zu akzeptieren. Das war ein schlechter Scherz.&#8220;<!--more--><\/p>\n<p>Am Rande der Landtagssitzung hat sich Zimkeit jetzt erneut mit dem NRW-Beauftragten der Deutschen Bahn (DB) getroffen und dabei als erster von dem f\u00fcr die Fahrg\u00e4ste erfreulichen Bauvorhaben erfahren. &#8222;Es ist gut, dass die Bahn nun endlich eine L\u00f6sung gefunden hat. Ich bin damit einverstanden, dass es sich dabei um ein Provisorium handelt. Nur muss die Gr\u00f6\u00dfe der \u00dcberdachung ausreichen und durchregnen darf es nicht&#8220;, betont Sterkrades Abgeordneter.<\/p>\n<p>&#8222;F\u00fcr den RheinRuhrExpress (RRX) wird der Bahnhof komplett modernisiert. Dann werden die Bahnsteige selbstverst\u00e4ndlich ein dauerhaftes Dach erhalten.&#8220;<\/p>\n","protected":false},"excerpt":{"rendered":"<p>&#8222;Die alte \u00dcberdachung des Sterkrader Bahnhofs, von der nur noch das Gerippe steht, wird in Teilen provisorisch wieder hergestellt&#8220;, teilt Stefan Zimkeit mit. &#8222;Voraussichtlicher Baubeginn ist laut Bahn sp\u00e4testens in&hellip; <\/p>\n","protected":false},"author":1,"featured_media":0,"comment_status":"closed","ping_status":"closed","sticky":false,"template":"","format":"standard","meta":{"footnotes":""},"categories":[27],"tags":[480,1041,1567,1521],"quellen":[331],"class_list":["post-5347","post","type-post","status-publish","format-standard","hentry","category-planen-bauen-wohnen-verkehr","tag-bahnhof-sterkrade","tag-deutsche-bahn-ag","tag-rheinruhrexpress","tag-rrx","quellen-mdl-stefan-zimkeit"],"_links":{"self":[{"href":"https:\/\/meier-gerdingh.de\/wp-spd-ob\/wp-json\/wp\/v2\/posts\/5347","targetHints":{"allow":["GET"]}}],"collection":[{"href":"https:\/\/meier-gerdingh.de\/wp-spd-ob\/wp-json\/wp\/v2\/posts"}],"about":[{"href":"https:\/\/meier-gerdingh.de\/wp-spd-ob\/wp-json\/wp\/v2\/types\/post"}],"author":[{"embeddable":true,"href":"https:\/\/meier-gerdingh.de\/wp-spd-ob\/wp-json\/wp\/v2\/users\/1"}],"replies":[{"embeddable":true,"href":"https:\/\/meier-gerdingh.de\/wp-spd-ob\/wp-json\/wp\/v2\/comments?post=5347"}],"version-history":[{"count":0,"href":"https:\/\/meier-gerdingh.de\/wp-spd-ob\/wp-json\/wp\/v2\/posts\/5347\/revisions"}],"wp:attachment":[{"href":"https:\/\/meier-gerdingh.de\/wp-spd-ob\/wp-json\/wp\/v2\/media?parent=5347"}],"wp:term":[{"taxonomy":"category","embeddable":true,"href":"https:\/\/meier-gerdingh.de\/wp-spd-ob\/wp-json\/wp\/v2\/categories?post=5347"},{"taxonomy":"post_tag","embeddable":true,"href":"https:\/\/meier-gerdingh.de\/wp-spd-ob\/wp-json\/wp\/v2\/tags?post=5347"},{"taxonomy":"quellen","embeddable":true,"href":"https:\/\/meier-gerdingh.de\/wp-spd-ob\/wp-json\/wp\/v2\/quellen?post=5347"}],"curies":[{"name":"wp","href":"https:\/\/api.w.org\/{rel}","templated":true}]}}