{"id":5349,"date":"2018-07-12T14:55:18","date_gmt":"2018-07-12T12:55:18","guid":{"rendered":"http:\/\/meier-gerdingh.de\/wp-spd-ob\/?p=5349"},"modified":"2018-07-13T14:57:33","modified_gmt":"2018-07-13T12:57:33","slug":"spd-hinterfragt-ende-der-akustischen-wochenzeitung","status":"publish","type":"post","link":"https:\/\/meier-gerdingh.de\/wp-spd-ob\/2018\/07\/12\/spd-hinterfragt-ende-der-akustischen-wochenzeitung\/","title":{"rendered":"SPD hinterfragt Ende der Akustischen Wochenzeitung"},"content":{"rendered":"<div id=\"attachment_1473\" style=\"width: 150px\" class=\"wp-caption alignleft\"><a href=\"http:\/\/meier-gerdingh.de\/wp-spd-ob\/wp-content\/uploads\/koesling_klaus_09.jpg\"><img aria-describedby=\"caption-attachment-1473\" decoding=\"async\" class=\"size-full wp-image-1473\" src=\"http:\/\/meier-gerdingh.de\/wp-spd-ob\/wp-content\/uploads\/koesling_klaus_09.jpg\" alt=\"\" width=\"140\" height=\"169\" \/><\/a><p id=\"caption-attachment-1473\" class=\"wp-caption-text\">Klaus K\u00f6sling ist Sprecher der SPD-Ratsfraktion im Sportausschuss und im Beirat f\u00fcr Menschen mit Behinderung<\/p><\/div>\n<p>Der SPD-Stadtverordnete Klaus K\u00f6sling hatte sich in einer Kleinen Anfrage an den Oberb\u00fcrgermeister nach den Gr\u00fcnden der Einstellung der &#8222;Akustischen Wochenzeitung&#8220; erkundigt. Das Angebot f\u00fcr sehbehinderte und blinde Menschen des Parit\u00e4tischen Oberhausen soll, so die Information der Verwaltung, Ende des Jahres eingestellt werden. Grund f\u00fcr die K\u00fcndigung sei ein &#8222;drastischer R\u00fcckgang des H\u00f6rerstamms&#8220;, hei\u00dft es in der Antwort, sieben ehrenamtlichen Leserinnen und Lesern st\u00e4nden sechs Personen gegen\u00fcber, die dieses Angebot nutzten.<!--more--><\/p>\n<p>Ein eigenes, st\u00e4dtisches Angebot zu unterbreiten, sei mangels Raum, Technik und Personal nicht machbar, eine Unterst\u00fctzung des Parit\u00e4tischen scheide ebenfalls aus, da dieser am Format einer H\u00f6rzeitung nicht festhalten m\u00f6chte. Angesichts der technischen M\u00f6glichkeiten \u00fcber die Sprachausgaben von Handy und PC sowie die Beschaffung von Vorleseger\u00e4ten zu Lasten der Krankenkasse stelle sich die Frage, ob das Format einer H\u00f6r-Zeitung noch zeitgem\u00e4\u00df sei, hei\u00dft es in der Antwort auf K\u00f6slings Anfrage.<\/p>\n<p>&#8222;Wenn man feststellt, dass ein Angebot veraltet ist und nicht mehr oder kaum noch genutzt wird, muss man darauf reagieren&#8220;, erkl\u00e4rt der Sprecher im Beirat f\u00fcr Menschen mit Behinderungen. &#8222;Wichtig ist es, am Ende ein zukunftssicheres Angebot f\u00fcr sehbehinderte und blinde Menschen in Oberhausen anbieten zu k\u00f6nnen, das diese \u00fcber lokale Geschehnisse informiert und das auch bezahlbar bleibt&#8220;, so K\u00f6sling. Denn zwar sei ein Vorleseger\u00e4t \u00fcber die Krankenkasse zu finanzieren, die Zeitungsfunktion schl\u00e4gt allerdings zus\u00e4tzlich mit einmal 300 Euro zu Buche. Bed\u00fcrftige k\u00f6nnten daf\u00fcr einen Antrag auf Sozialhilfe stellen.<\/p>\n<p>&#8222;Wir m\u00f6chten auch wissen, wie viele Betroffene dieses Angebot nutzen, und ob es bei sehbehinderten und blinden Menschen in Oberhausen \u00fcberhaupt hinreichend bekannt ist&#8220;, so K\u00f6sling. Im n\u00e4chsten Beirat f\u00fcr Menschen mit Behinderungen wird das Thema eingehend er\u00f6rtert werden.<\/p>\n","protected":false},"excerpt":{"rendered":"<p>Der SPD-Stadtverordnete Klaus K\u00f6sling hatte sich in einer Kleinen Anfrage an den Oberb\u00fcrgermeister nach den Gr\u00fcnden der Einstellung der &#8222;Akustischen Wochenzeitung&#8220; erkundigt. Das Angebot f\u00fcr sehbehinderte und blinde Menschen des&hellip; <\/p>\n","protected":false},"author":1,"featured_media":0,"comment_status":"closed","ping_status":"closed","sticky":false,"template":"","format":"standard","meta":{"footnotes":""},"categories":[589],"tags":[1574,1616,135],"quellen":[326],"class_list":["post-5349","post","type-post","status-publish","format-standard","hentry","category-inklusion","tag-akustische-wochenzeitung","tag-beirat-fuer-menschen-mit-behinderungen","tag-kleine-anfrage","quellen-spd-fraktion-oberhausen"],"_links":{"self":[{"href":"https:\/\/meier-gerdingh.de\/wp-spd-ob\/wp-json\/wp\/v2\/posts\/5349","targetHints":{"allow":["GET"]}}],"collection":[{"href":"https:\/\/meier-gerdingh.de\/wp-spd-ob\/wp-json\/wp\/v2\/posts"}],"about":[{"href":"https:\/\/meier-gerdingh.de\/wp-spd-ob\/wp-json\/wp\/v2\/types\/post"}],"author":[{"embeddable":true,"href":"https:\/\/meier-gerdingh.de\/wp-spd-ob\/wp-json\/wp\/v2\/users\/1"}],"replies":[{"embeddable":true,"href":"https:\/\/meier-gerdingh.de\/wp-spd-ob\/wp-json\/wp\/v2\/comments?post=5349"}],"version-history":[{"count":0,"href":"https:\/\/meier-gerdingh.de\/wp-spd-ob\/wp-json\/wp\/v2\/posts\/5349\/revisions"}],"wp:attachment":[{"href":"https:\/\/meier-gerdingh.de\/wp-spd-ob\/wp-json\/wp\/v2\/media?parent=5349"}],"wp:term":[{"taxonomy":"category","embeddable":true,"href":"https:\/\/meier-gerdingh.de\/wp-spd-ob\/wp-json\/wp\/v2\/categories?post=5349"},{"taxonomy":"post_tag","embeddable":true,"href":"https:\/\/meier-gerdingh.de\/wp-spd-ob\/wp-json\/wp\/v2\/tags?post=5349"},{"taxonomy":"quellen","embeddable":true,"href":"https:\/\/meier-gerdingh.de\/wp-spd-ob\/wp-json\/wp\/v2\/quellen?post=5349"}],"curies":[{"name":"wp","href":"https:\/\/api.w.org\/{rel}","templated":true}]}}