{"id":5350,"date":"2018-07-13T14:58:49","date_gmt":"2018-07-13T12:58:49","guid":{"rendered":"http:\/\/meier-gerdingh.de\/wp-spd-ob\/?p=5350"},"modified":"2018-07-13T14:59:21","modified_gmt":"2018-07-13T12:59:21","slug":"5350","status":"publish","type":"post","link":"https:\/\/meier-gerdingh.de\/wp-spd-ob\/2018\/07\/13\/5350\/","title":{"rendered":"Uschi Dorroch fragt nach"},"content":{"rendered":"<div id=\"attachment_5348\" style=\"width: 110px\" class=\"wp-caption alignleft\"><a href=\"http:\/\/meier-gerdingh.de\/wp-spd-ob\/wp-content\/uploads\/2018\/07\/dorroch_uschi.png\"><img aria-describedby=\"caption-attachment-5348\" decoding=\"async\" class=\"size-full wp-image-5348\" src=\"http:\/\/meier-gerdingh.de\/wp-spd-ob\/wp-content\/uploads\/2018\/07\/dorroch_uschi.png\" alt=\"\" width=\"100\" height=\"137\" \/><\/a><p id=\"caption-attachment-5348\" class=\"wp-caption-text\">Uschi Dorroch ist Mitglied der Bezirksvertretung Sterkrade<\/p><\/div>\n<p>\u00dcber etliche zu schnell fahrende Verkehrsteilnehmer im Bereich der Kreuzung Mathilden- und Oskarstra\u00dfe haben sich nun Anwohner bei der Bezirksvertreterin Ursula Dorroch (SPD) beschwert. &#8222;Dabei haben wir dort eine Tempo-30-Zone, au\u00dferdem ist direkt im Kreuzungsbereich der katholische Kindergarten Herz-Jesu&#8220;, erkl\u00e4rt Dorroch, die sich gleich mit der Verwaltung in Verbindung gesetzt hat \u2013 mit Erfolg: &#8222;Die Verkehrsplanung wird die Situation am Herz-Jesu-Kindergarten vor Ort \u00fcber\u00fcberpr\u00fcfen, nach den Ferien geht die Verwaltung der Frage auf den Grund, ob dort zu schnell gefahren wird&#8220;, erkl\u00e4rt Ursula Dorroch.<\/p>\n","protected":false},"excerpt":{"rendered":"<p>\u00dcber etliche zu schnell fahrende Verkehrsteilnehmer im Bereich der Kreuzung Mathilden- und Oskarstra\u00dfe haben sich nun Anwohner bei der Bezirksvertreterin Ursula Dorroch (SPD) beschwert. &#8222;Dabei haben wir dort eine Tempo-30-Zone,&hellip; <\/p>\n","protected":false},"author":1,"featured_media":0,"comment_status":"closed","ping_status":"closed","sticky":false,"template":"","format":"standard","meta":{"footnotes":""},"categories":[27,167],"tags":[54,1618,1617,46],"quellen":[326],"class_list":["post-5350","post","type-post","status-publish","format-standard","hentry","category-planen-bauen-wohnen-verkehr","category-stadtteile","tag-bezirksvertretung-sterkrade","tag-kreuzung-mathilden","tag-raser","tag-sterkrade","quellen-spd-fraktion-oberhausen"],"_links":{"self":[{"href":"https:\/\/meier-gerdingh.de\/wp-spd-ob\/wp-json\/wp\/v2\/posts\/5350","targetHints":{"allow":["GET"]}}],"collection":[{"href":"https:\/\/meier-gerdingh.de\/wp-spd-ob\/wp-json\/wp\/v2\/posts"}],"about":[{"href":"https:\/\/meier-gerdingh.de\/wp-spd-ob\/wp-json\/wp\/v2\/types\/post"}],"author":[{"embeddable":true,"href":"https:\/\/meier-gerdingh.de\/wp-spd-ob\/wp-json\/wp\/v2\/users\/1"}],"replies":[{"embeddable":true,"href":"https:\/\/meier-gerdingh.de\/wp-spd-ob\/wp-json\/wp\/v2\/comments?post=5350"}],"version-history":[{"count":0,"href":"https:\/\/meier-gerdingh.de\/wp-spd-ob\/wp-json\/wp\/v2\/posts\/5350\/revisions"}],"wp:attachment":[{"href":"https:\/\/meier-gerdingh.de\/wp-spd-ob\/wp-json\/wp\/v2\/media?parent=5350"}],"wp:term":[{"taxonomy":"category","embeddable":true,"href":"https:\/\/meier-gerdingh.de\/wp-spd-ob\/wp-json\/wp\/v2\/categories?post=5350"},{"taxonomy":"post_tag","embeddable":true,"href":"https:\/\/meier-gerdingh.de\/wp-spd-ob\/wp-json\/wp\/v2\/tags?post=5350"},{"taxonomy":"quellen","embeddable":true,"href":"https:\/\/meier-gerdingh.de\/wp-spd-ob\/wp-json\/wp\/v2\/quellen?post=5350"}],"curies":[{"name":"wp","href":"https:\/\/api.w.org\/{rel}","templated":true}]}}