{"id":542,"date":"2006-11-16T17:00:00","date_gmt":"2006-11-16T15:00:00","guid":{"rendered":"http:\/\/www.meier-gerdingh.de\/spd-oberhausen\/wp\/?p=542"},"modified":"2017-05-14T15:35:29","modified_gmt":"2017-05-14T13:35:29","slug":"bundesumweltminister-sigmar-gabriel-kommt-nach-oberhausen","status":"publish","type":"post","link":"https:\/\/meier-gerdingh.de\/wp-spd-ob\/2006\/11\/16\/bundesumweltminister-sigmar-gabriel-kommt-nach-oberhausen\/","title":{"rendered":"Bundesumweltminister Sigmar Gabriel kommt nach Oberhausen"},"content":{"rendered":"<div style=\"width: 170px\" class=\"wp-caption alignleft\"><a href=\"http:\/\/meier-gerdingh.de\/wp-spd-ob\/wp-content\/uploads\/gabriel_sigmar.jpg\"><img decoding=\"async\" class=\"size-full\" src=\"http:\/\/meier-gerdingh.de\/wp-spd-ob\/wp-content\/uploads\/gabriel_sigmar.jpg\" alt=\"Kommt am Montag nach Oberhausen: Bundesumweltminister Sigmar Gabriel\" width=\"160\" height=\"194\" \/><\/a><p class=\"wp-caption-text\">Kommt am Montag nach Oberhausen: Bundesumweltminister Sigmar Gabriel<\/p><\/div>\n<p>Die dauerhafte Sicherung der Energieversorgung und der Schutz des Klimas sind zwei untrennbar miteinander verbundene Herausforderungen, die alle Menschen dieser Erde und die ihnen nachfolgenden Generationen existentiell betreffen. W\u00e4hrend der Energieverbrauch weltweit stetig w\u00e4chst und die \u00d6l- und Gaspreise steigen, kommen die Klimaforscher zu immer neuen, dramatischeren Erkenntnissen \u00fcber den bereits stattfindenden Klimawandel. \u00dcber diese und andere Fragen wollen wir am Montag, 20.\u00a0November, mit Bundesumweltminister Sigmar Gabriel diskutieren.<!--more--><\/p>\n<p>Wir Sozialdemokraten sind der festen \u00dcberzeugung, dass die einzig angemessene Antwort auf diese Herausforderung eine Effizienzrevolution bei der Nutzung von Energietr\u00e4gern, kombiniert mit dem konsequenten Ausbau der erneuerbaren Energien ist. Es wird Aufgabe der SPD sein, daf\u00fcr zu sorgen, dass die Nationale Energiestrategie 2020 ein an diesen Zielen ausgerichtetes, zukunftsgerichtetes, nachhaltiges Programm wird. Die nationalen Ma\u00dfnahmen m\u00fcssen dabei durch eine internationale Strategie flankiert werden.<\/p>\n<p>Wir laden alle Interessierten hiermit herzlich ein zur Diskussionsveranstaltung mit Sigmar Gabriel:<\/p>\n<p><b>Montag, 20. November 2006<br \/>\n18.00 bis 20.00 Uhr<\/b><\/p>\n<p><b>Gastst\u00e4tte &#8222;Haus Union&#8220;<br \/>\nSchenkendorfstr.\u00a013<br \/>\n46047 Oberhausen<\/b><\/p>\n","protected":false},"excerpt":{"rendered":"<p>Die dauerhafte Sicherung der Energieversorgung und der Schutz des Klimas sind zwei untrennbar miteinander verbundene Herausforderungen, die alle Menschen dieser Erde und die ihnen nachfolgenden Generationen existentiell betreffen. W\u00e4hrend der&hellip; <\/p>\n","protected":false},"author":1,"featured_media":0,"comment_status":"closed","ping_status":"closed","sticky":false,"template":"","format":"standard","meta":{"footnotes":""},"categories":[1],"tags":[],"quellen":[],"class_list":["post-542","post","type-post","status-publish","format-standard","hentry","category-allgemein"],"_links":{"self":[{"href":"https:\/\/meier-gerdingh.de\/wp-spd-ob\/wp-json\/wp\/v2\/posts\/542","targetHints":{"allow":["GET"]}}],"collection":[{"href":"https:\/\/meier-gerdingh.de\/wp-spd-ob\/wp-json\/wp\/v2\/posts"}],"about":[{"href":"https:\/\/meier-gerdingh.de\/wp-spd-ob\/wp-json\/wp\/v2\/types\/post"}],"author":[{"embeddable":true,"href":"https:\/\/meier-gerdingh.de\/wp-spd-ob\/wp-json\/wp\/v2\/users\/1"}],"replies":[{"embeddable":true,"href":"https:\/\/meier-gerdingh.de\/wp-spd-ob\/wp-json\/wp\/v2\/comments?post=542"}],"version-history":[{"count":0,"href":"https:\/\/meier-gerdingh.de\/wp-spd-ob\/wp-json\/wp\/v2\/posts\/542\/revisions"}],"wp:attachment":[{"href":"https:\/\/meier-gerdingh.de\/wp-spd-ob\/wp-json\/wp\/v2\/media?parent=542"}],"wp:term":[{"taxonomy":"category","embeddable":true,"href":"https:\/\/meier-gerdingh.de\/wp-spd-ob\/wp-json\/wp\/v2\/categories?post=542"},{"taxonomy":"post_tag","embeddable":true,"href":"https:\/\/meier-gerdingh.de\/wp-spd-ob\/wp-json\/wp\/v2\/tags?post=542"},{"taxonomy":"quellen","embeddable":true,"href":"https:\/\/meier-gerdingh.de\/wp-spd-ob\/wp-json\/wp\/v2\/quellen?post=542"}],"curies":[{"name":"wp","href":"https:\/\/api.w.org\/{rel}","templated":true}]}}