{"id":5490,"date":"2018-08-27T17:06:43","date_gmt":"2018-08-27T15:06:43","guid":{"rendered":"https:\/\/meier-gerdingh.de\/wp-spd-ob\/?p=5490"},"modified":"2018-09-02T17:08:59","modified_gmt":"2018-09-02T15:08:59","slug":"landesregierung-verweigert-antwort-auf-finanzielle-einschnitte","status":"publish","type":"post","link":"https:\/\/meier-gerdingh.de\/wp-spd-ob\/2018\/08\/27\/landesregierung-verweigert-antwort-auf-finanzielle-einschnitte\/","title":{"rendered":"Landesregierung verweigert Antwort auf finanzielle Einschnitte"},"content":{"rendered":"<p>Sehr \u00e4rgerlich findet Stefan Zimkeit die Antwort der Landesregierung auf seine kleine Anfrage, wie sehr Oberhausen durch die Neuverteilung der Kommunalfinanzen benachteiligt wird. Dazu hatte der Landtagsabgeordnete um Vergleichsdaten f\u00fcr 2018 und 2019 gebeten. &#8222;Die Beantwortung der Fragen erfordert zwei Fiktionsrechnungen&#8220;, lautet die Stellungnahme des Kommunalministeriums. &#8222;Solche fiktiven Rechnungen werden von der Landesregierung bzw. IT.NRW \u00fcblicherweise nicht erstellt.&#8220;<\/p>\n<p>F\u00fcr Oberhausen seien die drohenden finanziellen Einschnitte \u00fcberhaupt nicht &#8222;fiktiv&#8220;, betont Stefan Zimkeit. Er vermutet, dass die CDU-FDP-Koalition das Ausma\u00df der finanziellen Umverteilung zulasten des Ruhrgebiets verheimlichen m\u00f6chte. &#8222;Schwarz-Gelb m\u00f6chte lieber ihre Klientel im l\u00e4ndlichen Raum bedienen&#8220;, ist sich Stefan Zimkeit sicher.<!--more--><\/p>\n<p>&#8222;Niemand hat verlangt, dass die Daten f\u00fcr Oberhausen mit dem Taschenrechner ausgerechnet werden. Aber f\u00fcr IT.NRW w\u00e4re es ein Leichtes gewesen, die Parameter zum Vergleich in die Tabelle des jeweils anderen Jahres einflie\u00dfen zu lassen&#8220;, so der SPD-Finanzexperte. &#8222;Per Knopfdruck h\u00e4tten wir dann einen \u00dcberblick gehabt, wie sich die Finanzzuweisungen in NRW entwickeln, wer profitiert, und wer zur\u00fcckstecken muss. Doch die Landesregierung m\u00f6chte in der Frage keine Transparenz&#8220;, so Zimkeit. <\/p>\n<p>Er geht davon aus, dass es f\u00fcr Oberhausen bei dieser Auseinandersetzung um mehrere Millionen Euro geht. &#8222;Die Stadt hat in den letzten Jahren seinen Haushalt mit gro\u00dfen Anstrenungen in Ordnung gebracht. Angesichts der landesweit sprudelnden Steuereinnahmen ist es nicht hinnehmbar, wenn das Land diese Erfolge aufs Spiel setzt.&#8220;<\/p>\n<p>Kleine Anfrage, Kommunalfinanzen, IT.NRW, St\u00e4dtischer Haushalt, St\u00e4rkungspakt Stadtfinanzen, Kommunalfinanzen, Ruhrgebiet, Ruhrgebietsst\u00e4dte<\/p>\n","protected":false},"excerpt":{"rendered":"<p>Sehr \u00e4rgerlich findet Stefan Zimkeit die Antwort der Landesregierung auf seine kleine Anfrage, wie sehr Oberhausen durch die Neuverteilung der Kommunalfinanzen benachteiligt wird. Dazu hatte der Landtagsabgeordnete um Vergleichsdaten f\u00fcr&hellip; <\/p>\n","protected":false},"author":1,"featured_media":0,"comment_status":"closed","ping_status":"closed","sticky":false,"template":"","format":"standard","meta":{"footnotes":""},"categories":[98,216],"tags":[1622,1554,14,1306,1555,524,990],"quellen":[331],"class_list":["post-5490","post","type-post","status-publish","format-standard","hentry","category-finanzen","category-land","tag-it-nrw","tag-kleine-anfrage-landtag","tag-kommunalfinanzen","tag-ruhrgebiet","tag-ruhrgebietsstaedte","tag-staedtischer-haushalt","tag-staerkungspakt-stadtfinanzen","quellen-mdl-stefan-zimkeit"],"_links":{"self":[{"href":"https:\/\/meier-gerdingh.de\/wp-spd-ob\/wp-json\/wp\/v2\/posts\/5490","targetHints":{"allow":["GET"]}}],"collection":[{"href":"https:\/\/meier-gerdingh.de\/wp-spd-ob\/wp-json\/wp\/v2\/posts"}],"about":[{"href":"https:\/\/meier-gerdingh.de\/wp-spd-ob\/wp-json\/wp\/v2\/types\/post"}],"author":[{"embeddable":true,"href":"https:\/\/meier-gerdingh.de\/wp-spd-ob\/wp-json\/wp\/v2\/users\/1"}],"replies":[{"embeddable":true,"href":"https:\/\/meier-gerdingh.de\/wp-spd-ob\/wp-json\/wp\/v2\/comments?post=5490"}],"version-history":[{"count":0,"href":"https:\/\/meier-gerdingh.de\/wp-spd-ob\/wp-json\/wp\/v2\/posts\/5490\/revisions"}],"wp:attachment":[{"href":"https:\/\/meier-gerdingh.de\/wp-spd-ob\/wp-json\/wp\/v2\/media?parent=5490"}],"wp:term":[{"taxonomy":"category","embeddable":true,"href":"https:\/\/meier-gerdingh.de\/wp-spd-ob\/wp-json\/wp\/v2\/categories?post=5490"},{"taxonomy":"post_tag","embeddable":true,"href":"https:\/\/meier-gerdingh.de\/wp-spd-ob\/wp-json\/wp\/v2\/tags?post=5490"},{"taxonomy":"quellen","embeddable":true,"href":"https:\/\/meier-gerdingh.de\/wp-spd-ob\/wp-json\/wp\/v2\/quellen?post=5490"}],"curies":[{"name":"wp","href":"https:\/\/api.w.org\/{rel}","templated":true}]}}