{"id":55,"date":"2002-02-22T17:00:00","date_gmt":"2002-02-22T15:00:00","guid":{"rendered":"http:\/\/www.meier-gerdingh.de\/spd-oberhausen\/wp\/?p=55"},"modified":"2017-05-12T09:30:26","modified_gmt":"2017-05-12T07:30:26","slug":"buergerservice-im-mittelpunkt","status":"publish","type":"post","link":"https:\/\/meier-gerdingh.de\/wp-spd-ob\/2002\/02\/22\/buergerservice-im-mittelpunkt\/","title":{"rendered":"B\u00fcrgerservice im Mittelpunkt"},"content":{"rendered":"<div style=\"width: 150px\" class=\"wp-caption alignleft\"><a href=\"http:\/\/meier-gerdingh.de\/wp-spd-ob\/wp-content\/uploads\/rathaus.jpg\"><img decoding=\"async\" class=\"size-full\" src=\"http:\/\/meier-gerdingh.de\/wp-spd-ob\/wp-content\/uploads\/rathaus.jpg\" alt=\"Rathaus Oberhausen\" width=\"140\" height=\"189\" \/><\/a><p class=\"wp-caption-text\">Rathaus Oberhausen<\/p><\/div>\n<p>Der Arbeitskreis Finanzen der Oberhausener SPD-Fraktion hat beschlossen, b\u00fcrgerintensive Bereiche der Verwaltung im Erdgeschoss des Rathauses zu konzentrieren. Das erkl\u00e4rte AK-Leiter Klaus Wehling nach der j\u00fcngsten Sitzung seines Arbeitskreises.<!--more--><\/p>\n<p>Einen Schwerpunkt der letzten Sitzung des Arbeitskreises Finanzen der SPD-Fraktion unter Leitung durch B\u00fcrgermeister Klaus Wehling bildete insbesondere eine Diskussion \u00fcber das Raumnutzungskonzept f\u00fcr das Rathaus Oberhausen.<\/p>\n<p>Im Zusammenhang mit der Realisierung des Technischen Rathauses in Sterkrade und den damit bestehenden neuen Raumkapazit\u00e4ten kann die Raumnutzung des Oberhausener Rathauses in erster Linie durch Umzug und Konzentration des Dezernates 5 &#8211; Planung in das Technische Rathaus optimiert werden.<\/p>\n<p>So sollen, so die Auffassung der Sozialdemokraten, im Erdgeschoss des Rathauses die Dienstleistungsangebote der Meldestelle Alt Oberhausen etabliert werden. Hier werden z.B. Personalausweise, Reisep\u00e4sse und Ummeldungen bearbeitet. Das Standes- und Versicherungsamt soll ebenfalls neu in das Erdgeschoss des Rathauses angesiedelt werden. Die dort bereits befindliche Bezirksverwaltungsstelle, die unter anderem auch Dienstleistungen f\u00fcr das Versorgungsamt im Anerkennungs- und Ausweisverfahren f\u00fcr Scherbehinderte anbietet, soll den b\u00fcrgerfreundlichen Standort im Erdgeschoss behalten.<\/p>\n<p>&#8222;Unsere Vorstellung ist, dass sich die jetzt bietende Chance zur grunds\u00e4tzlichen Neuplanung der Raumnutzung im Rathaus Oberhausen auch dazu genutzt wird, weitere Serviceverbesserungen f\u00fcr B\u00fcrgerinnen und B\u00fcrger einzuf\u00fchren&#8220;, so Arbeitskreisleiter Klaus Wehling.<\/p>\n<p>Konkret soll hier \u00fcberpr\u00fcft werden, ob Raumkapazit\u00e4ten f\u00fcr zus\u00e4tzliche und entsprechend attraktiv gestaltete Wartezonen vorhanden sind. Damit k\u00f6nnte die mehr als unbefriedigende Situation, die Flure als Wartebereiche anbieten zu m\u00fcssen, verbessert werden.<\/p>\n<p>Der Arbeitskreis hat ferner die Verwaltung mit einer Pr\u00fcfung beauftragt, ob moderne Aufrufsysteme in den Wartebereichen als zus\u00e4tzliches Serviceangebot angeboten werden k\u00f6nnen.<\/p>\n<p>Festgehalten wurde, diese erste Information als Einstieg in die Diskussion zu werten, denn im Zusammenhang mit den Raumplanungen zur Realisierung des Technischen Rathauses ergeben sich weitere, noch abschlie\u00dfend zu bewertende Umzugserfordernisse.<\/p>\n","protected":false},"excerpt":{"rendered":"<p>Der Arbeitskreis Finanzen der Oberhausener SPD-Fraktion hat beschlossen, b\u00fcrgerintensive Bereiche der Verwaltung im Erdgeschoss des Rathauses zu konzentrieren. Das erkl\u00e4rte AK-Leiter Klaus Wehling nach der j\u00fcngsten Sitzung seines Arbeitskreises.<\/p>\n","protected":false},"author":1,"featured_media":0,"comment_status":"closed","ping_status":"closed","sticky":false,"template":"","format":"standard","meta":{"footnotes":""},"categories":[1],"tags":[],"quellen":[],"class_list":["post-55","post","type-post","status-publish","format-standard","hentry","category-allgemein"],"_links":{"self":[{"href":"https:\/\/meier-gerdingh.de\/wp-spd-ob\/wp-json\/wp\/v2\/posts\/55","targetHints":{"allow":["GET"]}}],"collection":[{"href":"https:\/\/meier-gerdingh.de\/wp-spd-ob\/wp-json\/wp\/v2\/posts"}],"about":[{"href":"https:\/\/meier-gerdingh.de\/wp-spd-ob\/wp-json\/wp\/v2\/types\/post"}],"author":[{"embeddable":true,"href":"https:\/\/meier-gerdingh.de\/wp-spd-ob\/wp-json\/wp\/v2\/users\/1"}],"replies":[{"embeddable":true,"href":"https:\/\/meier-gerdingh.de\/wp-spd-ob\/wp-json\/wp\/v2\/comments?post=55"}],"version-history":[{"count":0,"href":"https:\/\/meier-gerdingh.de\/wp-spd-ob\/wp-json\/wp\/v2\/posts\/55\/revisions"}],"wp:attachment":[{"href":"https:\/\/meier-gerdingh.de\/wp-spd-ob\/wp-json\/wp\/v2\/media?parent=55"}],"wp:term":[{"taxonomy":"category","embeddable":true,"href":"https:\/\/meier-gerdingh.de\/wp-spd-ob\/wp-json\/wp\/v2\/categories?post=55"},{"taxonomy":"post_tag","embeddable":true,"href":"https:\/\/meier-gerdingh.de\/wp-spd-ob\/wp-json\/wp\/v2\/tags?post=55"},{"taxonomy":"quellen","embeddable":true,"href":"https:\/\/meier-gerdingh.de\/wp-spd-ob\/wp-json\/wp\/v2\/quellen?post=55"}],"curies":[{"name":"wp","href":"https:\/\/api.w.org\/{rel}","templated":true}]}}