{"id":5513,"date":"2018-09-06T11:46:38","date_gmt":"2018-09-06T09:46:38","guid":{"rendered":"https:\/\/meier-gerdingh.de\/wp-spd-ob\/?p=5513"},"modified":"2018-09-21T14:55:24","modified_gmt":"2018-09-21T12:55:24","slug":"spd-erfreut-ueber-spaete-einsicht-der-cdu","status":"publish","type":"post","link":"https:\/\/meier-gerdingh.de\/wp-spd-ob\/2018\/09\/06\/spd-erfreut-ueber-spaete-einsicht-der-cdu\/","title":{"rendered":"SPD erfreut \u00fcber sp\u00e4te Einsicht der CDU"},"content":{"rendered":"<div id=\"attachment_1654\" style=\"width: 150px\" class=\"wp-caption alignleft\"><a href=\"https:\/\/meier-gerdingh.de\/wp-spd-ob\/wp-content\/uploads\/telli_ercan_09.jpg\"><img aria-describedby=\"caption-attachment-1654\" decoding=\"async\" class=\"size-full wp-image-1654\" src=\"https:\/\/meier-gerdingh.de\/wp-spd-ob\/wp-content\/uploads\/telli_ercan_09.jpg\" alt=\"\" width=\"140\" height=\"169\" \/><\/a><p id=\"caption-attachment-1654\" class=\"wp-caption-text\">Ercan Telli ist sozialpolitischer Sprecher der SPD-Fraktion<\/p><\/div>\n<p>Die Lebenssituation von Senioren in Oberhausen wird in den kommenden Wochen und Monaten einen Schwerpunkt in der Sozialpolitik der Sozialdemokraten bilden. Im n\u00e4chsten Seniorenbeirat wird daf\u00fcr ein umfassender Antrag der Koalition beraten, der auch bereits ver\u00f6ffentlicht ist. F\u00fcr die Koalition ist diese Beratungsfolge besonders wichtig: Der Seniorenbeirat befasst sich zuerst mit diesem Antrag, die weiteren Gremien folgen.<\/p>\n<p>F\u00fcr die CDU-Fraktion ist der Seniorenbeirat anscheinend nicht von sonderlich gro\u00dfer Relevanz \u2013 nicht einmal bei Antr\u00e4gen, die sich mit Seniorenpolitik befassen. Vier solcher Antr\u00e4ge hat die CDU am Mittwoch im Sozialausschuss gestellt, dem Seniorenbeirat am 26. September sollten diese nur noch zur Kenntnis gereicht werden.<!--more--><\/p>\n<p>Dass Antr\u00e4ge zur Seniorenpolitik aber besser auch zuerst in diesem Gremium diskutiert werden sollten, d\u00e4mmerte offensichtlich auch den Unionspolitikern. Auf Bitte der CDU-Fraktion wurde der Sozialausschuss unterbrochen, nach der Pause zog die CDU ihre Antr\u00e4ge zu den Themen Pflegeberatung und -statistik, Treffpunktl\u00e4den und Seniorenwohnungen zur\u00fcck und k\u00fcndigte an, diese auf die n\u00e4chste Beratungsfolge, welche mit dem Seniorenbeirat beginnt, zu verschieben \u2013 was wiederum im Sinne der SPD-Fraktion ist.<\/p>\n<p>Deren sozialpolitischer Sprecher Ercan Telli hatte schlie\u00dflich zuvor erkl\u00e4rt, dass sich die Sozialdemokraten \u00fcber Vorschl\u00e4ge der Politik, die nicht aus der Koalition kommen, freuen w\u00fcrden. Diese k\u00f6nnten schlie\u00dflich in den umfassenden Antrag der Koalition mit eingearbeitet werden.<\/p>\n<p>In seiner Sitzung am 26. September wird der Seniorenbeirat schlie\u00dflich auch die <a href=\"https:\/\/allris.oberhausen.de\/bi\/vo020.asp?VOLFDNR=11597\" rel=\"noopener\" target=\"_blank\">Gro\u00dfe Anfrage der Koalition zur Lebenssituation von Senioren in Oberhausen<\/a> behandeln.<\/p>\n","protected":false},"excerpt":{"rendered":"<p>Die Lebenssituation von Senioren in Oberhausen wird in den kommenden Wochen und Monaten einen Schwerpunkt in der Sozialpolitik der Sozialdemokraten bilden. Im n\u00e4chsten Seniorenbeirat wird daf\u00fcr ein umfassender Antrag der&hellip; <\/p>\n","protected":false},"author":1,"featured_media":0,"comment_status":"closed","ping_status":"closed","sticky":false,"template":"","format":"standard","meta":{"footnotes":""},"categories":[854],"tags":[898,1482,1483,1631,319],"quellen":[326],"class_list":["post-5513","post","type-post","status-publish","format-standard","hentry","category-senioren","tag-ampel-koalition","tag-grosse-anfrage","tag-grosse-anfrage-senioren","tag-seniorenbeirat","tag-sozialausschuss","quellen-spd-fraktion-oberhausen"],"_links":{"self":[{"href":"https:\/\/meier-gerdingh.de\/wp-spd-ob\/wp-json\/wp\/v2\/posts\/5513","targetHints":{"allow":["GET"]}}],"collection":[{"href":"https:\/\/meier-gerdingh.de\/wp-spd-ob\/wp-json\/wp\/v2\/posts"}],"about":[{"href":"https:\/\/meier-gerdingh.de\/wp-spd-ob\/wp-json\/wp\/v2\/types\/post"}],"author":[{"embeddable":true,"href":"https:\/\/meier-gerdingh.de\/wp-spd-ob\/wp-json\/wp\/v2\/users\/1"}],"replies":[{"embeddable":true,"href":"https:\/\/meier-gerdingh.de\/wp-spd-ob\/wp-json\/wp\/v2\/comments?post=5513"}],"version-history":[{"count":0,"href":"https:\/\/meier-gerdingh.de\/wp-spd-ob\/wp-json\/wp\/v2\/posts\/5513\/revisions"}],"wp:attachment":[{"href":"https:\/\/meier-gerdingh.de\/wp-spd-ob\/wp-json\/wp\/v2\/media?parent=5513"}],"wp:term":[{"taxonomy":"category","embeddable":true,"href":"https:\/\/meier-gerdingh.de\/wp-spd-ob\/wp-json\/wp\/v2\/categories?post=5513"},{"taxonomy":"post_tag","embeddable":true,"href":"https:\/\/meier-gerdingh.de\/wp-spd-ob\/wp-json\/wp\/v2\/tags?post=5513"},{"taxonomy":"quellen","embeddable":true,"href":"https:\/\/meier-gerdingh.de\/wp-spd-ob\/wp-json\/wp\/v2\/quellen?post=5513"}],"curies":[{"name":"wp","href":"https:\/\/api.w.org\/{rel}","templated":true}]}}