{"id":5523,"date":"2018-09-13T10:01:46","date_gmt":"2018-09-13T08:01:46","guid":{"rendered":"https:\/\/meier-gerdingh.de\/wp-spd-ob\/?p=5523"},"modified":"2018-09-13T21:19:13","modified_gmt":"2018-09-13T19:19:13","slug":"jetzt-bewerben-fuer-den-marie-juchacz-preis-2019-der-spd-bundestagsfraktion","status":"publish","type":"post","link":"https:\/\/meier-gerdingh.de\/wp-spd-ob\/2018\/09\/13\/jetzt-bewerben-fuer-den-marie-juchacz-preis-2019-der-spd-bundestagsfraktion\/","title":{"rendered":"Jetzt teilnehmen am Wettbewerb f\u00fcr den Marie-Juchacz-Preis 2019 der SPD-Bundestagsfraktion"},"content":{"rendered":"<p><a href=\"https:\/\/meier-gerdingh.de\/wp-spd-ob\/wp-content\/uploads\/2018\/09\/banner-spd-bt-marie-juchacz-preis.jpg\"><img decoding=\"async\" class=\"aligncenter size-full wp-image-5517\" src=\"https:\/\/meier-gerdingh.de\/wp-spd-ob\/wp-content\/uploads\/2018\/09\/banner-spd-bt-marie-juchacz-preis.jpg\" alt=\"\" width=\"720\" height=\"359\" srcset=\"https:\/\/meier-gerdingh.de\/wp-spd-ob\/wp-content\/uploads\/2018\/09\/banner-spd-bt-marie-juchacz-preis.jpg 720w, https:\/\/meier-gerdingh.de\/wp-spd-ob\/wp-content\/uploads\/2018\/09\/banner-spd-bt-marie-juchacz-preis-300x150.jpg 300w\" sizes=\"(max-width: 720px) 100vw, 720px\" \/><\/a><em>Der SPD-Bundestagsabgeordnete Dirk V\u00f6pel ruft junge Menschen und zivilgesellschaftliche Organisationen und Initiativen aus Oberhausen und Dinslaken auf, sich f\u00fcr den &#8222;Marie-Juchacz-Preis 2019&#8220; zu bewerben.<\/em><\/p>\n<p>&#8222;Der Anlass f\u00fcr einen Marie-Juchacz-Preis kann passender nicht sein: 100 Jahre ist es her, dass Frauen in Deutschland das Wahlrecht zugesprochen wurde. Dass sie in ein deutsches Parlament gew\u00e4hlt werden durften. Die meisten weiblichen Abgeordneten waren nach der ersten Wahl f\u00fcr und mit Frauen in den Reihen der SPD zu finden. Und es war die Sozialdemokratin <a href=\"https:\/\/de.wikipedia.org\/wiki\/Marie_Juchacz\">Marie Juchacz<\/a>, die als erste Frau \u00fcberhaupt in einem deutschen Parlament redete. Wir suchen kreative Ideen und Konzepte von jungen Menschen und zivilgesellschaftlichen Organisationen oder Projekten, die f\u00fcr Gleichstellung eintreten: sich f\u00fcr mehr Frauen in der Politik engagieren oder Marie Juchacz\u2018 Rede auf originelle Weise in die heute Zeit \u00fcbersetzen&#8220;, sagt Dirk V\u00f6pel.<!--more--><\/p>\n<p>Der Abgeordnete ist \u00fcberzeugt: &#8222;Die vergangenen 100 Jahre haben gezeigt: Perspektiven und Interessen von Frauen werden nur dann gleichwertig ber\u00fccksichtigt, wenn Frauen in der Politik mitreden und mitentscheiden. Wir d\u00fcrfen deshalb nicht nachlassen in unserem Einsatz f\u00fcr mehr Frauen in der Politik.&#8220;<\/p>\n<p>Mit dem Preis zeichnet die SPD-Fraktion <strong>junge Menschen mit einer kreativen Idee<\/strong> aus: Was w\u00fcrde Marie Juchacz heute in ihrer Rede im Deutschen Bundestag aus Frauensicht einfordern (<strong>Kreativ-Wettbewerb<\/strong>).<\/p>\n<p>Dar\u00fcber hinaus pr\u00e4miert sie innovative <strong>zivilgesellschaftliche Initiativen und Projekte<\/strong>, in denen B\u00fcrgerinnen und B\u00fcrger sich daf\u00fcr engagieren, die politische Beteiligung von Frauen voranzubringen (<strong>Engagement-Wettbewerb<\/strong>).<\/p>\n<p>Bewerben k\u00f6nnen sich auf den Kreativwettbewerb junge Menschen im Alter von 16 bis 27 Jahren.<\/p>\n<p>Auf den Engagement-Wettbewerb k\u00f6nnen sich innovative zivilgesellschaftliche Projekte und Initiativen bewerben, die sich gemeinn\u00fctzig f\u00fcr mehr politische Beteiligung von Frauen engagieren.<\/p>\n<p>Die Ausschreibung sowie die Teilnahmeformulare f\u00fcr den Rede- bzw. den Engagement-Wettbewerb sind auch unter <a href=\"http:\/\/www.spdfraktion.de\/mariejuchaczpreis\">www.spdfraktion.de\/mariejuchaczpreis<\/a> abrufbar.<\/p>\n<p><strong>Einsendeschluss f\u00fcr Bewerbungen ist der 4. Januar 2019.<\/strong><\/p>\n<p>&#8222;Die Gewinnerinnen und Gewinner laden wir zur Preisverleihung voraussichtlich im Februar 2019 in den Deutschen Bundestag ein&#8220;, k\u00fcndigt Dirk V\u00f6pel an. Den ausgezeichneten Projekten und Personen winken attraktive Geldpreise, die von den SPD-Bundestagsabgeordneten gestiftet werden.<\/p>\n<p>Die SPD-Bundestagsfraktion verleiht den Marie-Juchacz-Preis einmalig. Mit dem Preis soll die Erinnerung an all die k\u00e4mpferischen Sozialdemokratinnen wachgehalten werden, die vor mehr als 100 Jahren ihr selbstverst\u00e4ndliches Recht einforderten, zu w\u00e4hlen und gew\u00e4hlt zu werden.<\/p>\n<p><strong>Download:<\/strong><\/p>\n<p><a href=\"https:\/\/meier-gerdingh.de\/wp-spd-ob\/wp-content\/uploads\/2018\/09\/wettbewerbsausschreibung-marie-juchacz-preis-2019.pdf\">Wettbewerbsausschreibung der SPD-Bundestagsfraktion | pdf (270 KB)<\/a><\/p>\n<p><a href=\"https:\/\/meier-gerdingh.de\/wp-spd-ob\/wp-content\/uploads\/2018\/09\/teilnahmeformular_kreativwettbewerb_marie-juchacz-preis-2019.pdf\">Teilnahmeformular Marie-Juchacz-Preis | pdf (740 KB)<\/a><\/p>\n","protected":false},"excerpt":{"rendered":"<p>Der SPD-Bundestagsabgeordnete Dirk V\u00f6pel ruft junge Menschen und zivilgesellschaftliche Organisationen und Initiativen aus Oberhausen und Dinslaken auf, sich f\u00fcr den &#8222;Marie-Juchacz-Preis 2019&#8220; zu bewerben. &#8222;Der Anlass f\u00fcr einen Marie-Juchacz-Preis kann&hellip; <\/p>\n","protected":false},"author":1,"featured_media":0,"comment_status":"closed","ping_status":"closed","sticky":false,"template":"","format":"standard","meta":{"footnotes":""},"categories":[95],"tags":[1637,1638,84],"quellen":[330],"class_list":["post-5523","post","type-post","status-publish","format-standard","hentry","category-gleichstellung","tag-frauenwahlrecht","tag-marie-juchacz-preis","tag-spd-bundestagsfraktion","quellen-mdb-dirk-voepel"],"_links":{"self":[{"href":"https:\/\/meier-gerdingh.de\/wp-spd-ob\/wp-json\/wp\/v2\/posts\/5523","targetHints":{"allow":["GET"]}}],"collection":[{"href":"https:\/\/meier-gerdingh.de\/wp-spd-ob\/wp-json\/wp\/v2\/posts"}],"about":[{"href":"https:\/\/meier-gerdingh.de\/wp-spd-ob\/wp-json\/wp\/v2\/types\/post"}],"author":[{"embeddable":true,"href":"https:\/\/meier-gerdingh.de\/wp-spd-ob\/wp-json\/wp\/v2\/users\/1"}],"replies":[{"embeddable":true,"href":"https:\/\/meier-gerdingh.de\/wp-spd-ob\/wp-json\/wp\/v2\/comments?post=5523"}],"version-history":[{"count":0,"href":"https:\/\/meier-gerdingh.de\/wp-spd-ob\/wp-json\/wp\/v2\/posts\/5523\/revisions"}],"wp:attachment":[{"href":"https:\/\/meier-gerdingh.de\/wp-spd-ob\/wp-json\/wp\/v2\/media?parent=5523"}],"wp:term":[{"taxonomy":"category","embeddable":true,"href":"https:\/\/meier-gerdingh.de\/wp-spd-ob\/wp-json\/wp\/v2\/categories?post=5523"},{"taxonomy":"post_tag","embeddable":true,"href":"https:\/\/meier-gerdingh.de\/wp-spd-ob\/wp-json\/wp\/v2\/tags?post=5523"},{"taxonomy":"quellen","embeddable":true,"href":"https:\/\/meier-gerdingh.de\/wp-spd-ob\/wp-json\/wp\/v2\/quellen?post=5523"}],"curies":[{"name":"wp","href":"https:\/\/api.w.org\/{rel}","templated":true}]}}