{"id":5532,"date":"2018-09-13T15:44:31","date_gmt":"2018-09-13T13:44:31","guid":{"rendered":"https:\/\/meier-gerdingh.de\/wp-spd-ob\/?p=5532"},"modified":"2018-09-13T15:50:24","modified_gmt":"2018-09-13T13:50:24","slug":"spd-begruesst-vorziehen-der-sportanlage-dellwig","status":"publish","type":"post","link":"https:\/\/meier-gerdingh.de\/wp-spd-ob\/2018\/09\/13\/spd-begruesst-vorziehen-der-sportanlage-dellwig\/","title":{"rendered":"SPD begr\u00fc\u00dft Vorziehen der Sportanlage Dellwig"},"content":{"rendered":"<div id=\"attachment_1473\" style=\"width: 150px\" class=\"wp-caption alignleft\"><a href=\"https:\/\/meier-gerdingh.de\/wp-spd-ob\/wp-content\/uploads\/koesling_klaus_09.jpg\"><img aria-describedby=\"caption-attachment-1473\" decoding=\"async\" class=\"size-full wp-image-1473\" src=\"https:\/\/meier-gerdingh.de\/wp-spd-ob\/wp-content\/uploads\/koesling_klaus_09.jpg\" alt=\"\" width=\"140\" height=\"169\" \/><\/a><p id=\"caption-attachment-1473\" class=\"wp-caption-text\">Klaus K\u00f6sling ist Sprecher der SPD-Ratsfraktion im Sportausschuss und im Beirat f\u00fcr Menschen mit Behinderung<\/p><\/div>\n<p>Zufrieden hat die Oberhausener SPD registriert, dass die Ert\u00fcchtigung der Sportanlage Dellwig aus der Investitionsliste f\u00fcr 2019 auf die aktuelle Liste vorgezogen worden ist. Dies hat der Verwaltungsvorstand der Stadt nun entschieden, da der Investitionshaushalt 2018 noch einen Spielraum ausweist. So wurden mehrere Projekte, die urspr\u00fcnglich f\u00fcr das kommende Jahr geplant waren, vorgezogen, so auch die Sanierung der Anlage am Klaumer Bruch.<!--more--><\/p>\n<p>Bereits Ende vergangenen Jahres hatte der Sportausschuss einem Antrag der Koalition und der CDU zugestimmt, in dem die Verwaltung aufgefordert wurde zu pr\u00fcfen, welche Sanierungen und Ert\u00fcchtigungen auf der Anlage durchgef\u00fchrt werden sollen. Zudem stand die Ma\u00dfnahme auf der Reserveliste f\u00fcr Investitionsma\u00dfnahmen 2018 an erster Stelle.<\/p>\n<p>Klaus K\u00f6sling, sportpolitischer Sprecher der SPD-Fraktion, hat die Entscheidung des Verwaltungsvorstandes zustimmend registriert &#8222;Wir haben uns immer f\u00fcr einen m\u00f6glichst raschen Sanierungsbeginn in Borbeck ausgesprochen, da wir diese Arbeiten im Rahmen der Stadtentwicklung f\u00fcr wichtig erachten&#8220;, erkl\u00e4rt K\u00f6sling.<\/p>\n<p>Auch Yannah Selonke, SPD-Stadtverordnete f\u00fcr Borbeck, hat das Vorziehen der Ma\u00dfnahme zufrieden registriert: &#8222;Die ehrenamtlich engagierten Vereinsmitglieder haben schlie\u00dflich lange genug gewartet, bis sich nun etwas tut auf ihrer Sportanlage.&#8220;<\/p>\n","protected":false},"excerpt":{"rendered":"<p>Zufrieden hat die Oberhausener SPD registriert, dass die Ert\u00fcchtigung der Sportanlage Dellwig aus der Investitionsliste f\u00fcr 2019 auf die aktuelle Liste vorgezogen worden ist. Dies hat der Verwaltungsvorstand der Stadt&hellip; <\/p>\n","protected":false},"author":1,"featured_media":0,"comment_status":"closed","ping_status":"closed","sticky":false,"template":"","format":"standard","meta":{"footnotes":""},"categories":[47],"tags":[898,1641,48,1642,1644],"quellen":[326],"class_list":["post-5532","post","type-post","status-publish","format-standard","hentry","category-sport","tag-ampel-koalition","tag-sportanlage-dellwig","tag-sportausschuss","tag-sportstaettensanierungsprogramm","tag-verwaltungsvorstand","quellen-spd-fraktion-oberhausen"],"_links":{"self":[{"href":"https:\/\/meier-gerdingh.de\/wp-spd-ob\/wp-json\/wp\/v2\/posts\/5532","targetHints":{"allow":["GET"]}}],"collection":[{"href":"https:\/\/meier-gerdingh.de\/wp-spd-ob\/wp-json\/wp\/v2\/posts"}],"about":[{"href":"https:\/\/meier-gerdingh.de\/wp-spd-ob\/wp-json\/wp\/v2\/types\/post"}],"author":[{"embeddable":true,"href":"https:\/\/meier-gerdingh.de\/wp-spd-ob\/wp-json\/wp\/v2\/users\/1"}],"replies":[{"embeddable":true,"href":"https:\/\/meier-gerdingh.de\/wp-spd-ob\/wp-json\/wp\/v2\/comments?post=5532"}],"version-history":[{"count":0,"href":"https:\/\/meier-gerdingh.de\/wp-spd-ob\/wp-json\/wp\/v2\/posts\/5532\/revisions"}],"wp:attachment":[{"href":"https:\/\/meier-gerdingh.de\/wp-spd-ob\/wp-json\/wp\/v2\/media?parent=5532"}],"wp:term":[{"taxonomy":"category","embeddable":true,"href":"https:\/\/meier-gerdingh.de\/wp-spd-ob\/wp-json\/wp\/v2\/categories?post=5532"},{"taxonomy":"post_tag","embeddable":true,"href":"https:\/\/meier-gerdingh.de\/wp-spd-ob\/wp-json\/wp\/v2\/tags?post=5532"},{"taxonomy":"quellen","embeddable":true,"href":"https:\/\/meier-gerdingh.de\/wp-spd-ob\/wp-json\/wp\/v2\/quellen?post=5532"}],"curies":[{"name":"wp","href":"https:\/\/api.w.org\/{rel}","templated":true}]}}