{"id":5534,"date":"2018-09-14T13:37:26","date_gmt":"2018-09-14T11:37:26","guid":{"rendered":"https:\/\/meier-gerdingh.de\/wp-spd-ob\/?p=5534"},"modified":"2018-11-08T18:25:19","modified_gmt":"2018-11-08T17:25:19","slug":"sozialer-arbeitsmarkt-neue-chancen-fuer-langzeitarbeitslose","status":"publish","type":"post","link":"https:\/\/meier-gerdingh.de\/wp-spd-ob\/2018\/09\/14\/sozialer-arbeitsmarkt-neue-chancen-fuer-langzeitarbeitslose\/","title":{"rendered":"Sozialer Arbeitsmarkt &#8211; Neue Chancen f\u00fcr Langzeitarbeitslose"},"content":{"rendered":"<p><a href=\"https:\/\/meier-gerdingh.de\/wp-spd-ob\/wp-content\/uploads\/2018\/09\/banner_sozialer_arbeitsmarkt_02.png\"><img decoding=\"async\" class=\"aligncenter size-full wp-image-5535\" src=\"https:\/\/meier-gerdingh.de\/wp-spd-ob\/wp-content\/uploads\/2018\/09\/banner_sozialer_arbeitsmarkt_02.png\" alt=\"\" width=\"720\" height=\"414\" srcset=\"https:\/\/meier-gerdingh.de\/wp-spd-ob\/wp-content\/uploads\/2018\/09\/banner_sozialer_arbeitsmarkt_02.png 720w, https:\/\/meier-gerdingh.de\/wp-spd-ob\/wp-content\/uploads\/2018\/09\/banner_sozialer_arbeitsmarkt_02-300x173.png 300w\" sizes=\"(max-width: 720px) 100vw, 720px\" \/><\/a>Bundesarbeitsminister Hubertus Heil (SPD) m\u00f6chte unter dem Stichwort &#8222;MitArbeit&#8220; einen Sozialen Arbeitsmarkt einrichten. Er hat dazu einen Gesetzentwurf auf den Weg gebracht, der die Arbeitsmarktpolitik gerade auch im Ruhrgebiet ver\u00e4ndern wird. Dar\u00fcber soll am 21. September im Zentrum f\u00fcr Ausbildung und berufliche Qualifikation (ZAQ) informiert und diskutiert werden.<!--more--><\/p>\n<h3 class=\"spd-ob-crossheading\">SOZIALER Arbeitsmarkt &#8211; Neue Chancen f\u00fcr Langzeitarbeitslose<\/h3>\n<p><strong>Freitag\u00a0\u00a0|\u00a0\u00a021. September 2018\u00a0\u00a0|\u00a0\u00a018.00 Uhr<br \/>\nZAQ\u00a0\u00a0|\u00a0\u00a0Essener Stra\u00dfe 100\u00a0\u00a0|\u00a0\u00a046047 Oberhausen<\/strong><\/p>\n<p><strong>Kerstin Griese<\/strong><br \/>\n<em>Parlamentarische Staatssekret\u00e4rin im Bundesarbeitsministerium<\/em><\/p>\n<p><strong>Horst V\u00f6ge<\/strong><br \/>\n<em>Landesvorsitzender des Sozialverbandes VdK<\/em><\/p>\n<p><em>Moderation:<\/em><br \/>\n<strong>Stefan Zimkeit MdL<\/strong><\/p>\n<style type=\"text\/css\" id=\"gmpMapStyles_4_42229\">\r\n\t#google_map_easy_4_42229 {\r\n        width: 100%;\r\n        height: 400px;\r\n\t\t\t\t\t\t    }\r\n\t#gmapControlsNum_4_42229 {\r\n\t\twidth:100%\t}\r\n\t.gmpMapDetailsContainer#gmpMapDetailsContainer_4_42229 {\r\n\t\theight:400px;\r\n\t}\r\n\t.gmp_MapPreview#google_map_easy_4_42229 {\r\n\t\t\/*position:absolute;*\/\r\n\t\twidth: 100%;\r\n\t}\r\n\t#mapConElem_4_42229{\r\n\t\twidth: 100%\t}\r\n    .gm-style .gm-style-iw-c{\r\n        padding: 12px!important;\r\n    }\r\n\t    <\/style>\r\n <div class=\"gmp_map_opts\" id=\"mapConElem_4_42229\" data-id=\"4\" data-view-id=\"4_42229\" > <div class=\"gmpMapDetailsContainer\" id=\"gmpMapDetailsContainer_4_42229\"> <i class=\"gmpKMLLayersPreloader fa fa-spinner fa-spin\" aria-hidden=\"true\" style=\"display: none;\"><\/i> <div class=\"gmp_MapPreview \" id=\"google_map_easy_4_42229\"><\/div> <\/div> <div class=\"gmpMapMarkerFilters\" id=\"gmpMapMarkerFilters_4_42229\"> <\/div> <div class=\"gmpMapProControlsCon\" id=\"gmpMapProControlsCon_4_42229\"> <a title=\"WordPress Google Maps\" style=\"display:none;\" href=\"https:\/\/supsystic.com\/plugins\/google-maps-plugin\/?utm_medium=love_link_hide\" target=\"_blank\">WordPress Google Maps<\/a><div style=\"clear: both;\"><\/div> <\/div> <div class=\"gmpMapProDirectionsCon\" id=\"gmpMapProDirectionsCon_4_42229\" > <\/div> <div class=\"gmpMapProKmlFilterCon\" id=\"gmpMapProKmlFilterCon_4_42229\" > <\/div> <div class=\"gmpSocialSharingShell gmpSocialSharingShell_4_42229\"> <\/div> <div style=\"clear: both;\"><\/div> <\/div> \n","protected":false},"excerpt":{"rendered":"<p>Bundesarbeitsminister Hubertus Heil (SPD) m\u00f6chte unter dem Stichwort &#8222;MitArbeit&#8220; einen Sozialen Arbeitsmarkt einrichten. Er hat dazu einen Gesetzentwurf auf den Weg gebracht, der die Arbeitsmarktpolitik gerade auch im Ruhrgebiet ver\u00e4ndern&hellip; <\/p>\n","protected":false},"author":1,"featured_media":0,"comment_status":"closed","ping_status":"closed","sticky":false,"template":"","format":"standard","meta":{"footnotes":""},"categories":[174],"tags":[1594,18,431,740],"quellen":[331],"class_list":["post-5534","post","type-post","status-publish","format-standard","hentry","category-arbeit-und-soziales","tag-arbeitslosigkeit","tag-arbeitsmarkt","tag-langzeitarbeitslosigkeit","tag-sozialer-arbeitsmarkt","quellen-mdl-stefan-zimkeit"],"_links":{"self":[{"href":"https:\/\/meier-gerdingh.de\/wp-spd-ob\/wp-json\/wp\/v2\/posts\/5534","targetHints":{"allow":["GET"]}}],"collection":[{"href":"https:\/\/meier-gerdingh.de\/wp-spd-ob\/wp-json\/wp\/v2\/posts"}],"about":[{"href":"https:\/\/meier-gerdingh.de\/wp-spd-ob\/wp-json\/wp\/v2\/types\/post"}],"author":[{"embeddable":true,"href":"https:\/\/meier-gerdingh.de\/wp-spd-ob\/wp-json\/wp\/v2\/users\/1"}],"replies":[{"embeddable":true,"href":"https:\/\/meier-gerdingh.de\/wp-spd-ob\/wp-json\/wp\/v2\/comments?post=5534"}],"version-history":[{"count":0,"href":"https:\/\/meier-gerdingh.de\/wp-spd-ob\/wp-json\/wp\/v2\/posts\/5534\/revisions"}],"wp:attachment":[{"href":"https:\/\/meier-gerdingh.de\/wp-spd-ob\/wp-json\/wp\/v2\/media?parent=5534"}],"wp:term":[{"taxonomy":"category","embeddable":true,"href":"https:\/\/meier-gerdingh.de\/wp-spd-ob\/wp-json\/wp\/v2\/categories?post=5534"},{"taxonomy":"post_tag","embeddable":true,"href":"https:\/\/meier-gerdingh.de\/wp-spd-ob\/wp-json\/wp\/v2\/tags?post=5534"},{"taxonomy":"quellen","embeddable":true,"href":"https:\/\/meier-gerdingh.de\/wp-spd-ob\/wp-json\/wp\/v2\/quellen?post=5534"}],"curies":[{"name":"wp","href":"https:\/\/api.w.org\/{rel}","templated":true}]}}