{"id":5538,"date":"2018-09-14T18:55:02","date_gmt":"2018-09-14T16:55:02","guid":{"rendered":"https:\/\/meier-gerdingh.de\/wp-spd-ob\/?p=5538"},"modified":"2018-09-14T18:55:02","modified_gmt":"2018-09-14T16:55:02","slug":"mehr-landesmittel-fuer-integration-gefordert","status":"publish","type":"post","link":"https:\/\/meier-gerdingh.de\/wp-spd-ob\/2018\/09\/14\/mehr-landesmittel-fuer-integration-gefordert\/","title":{"rendered":"Mehr Landesmittel f\u00fcr Integration gefordert"},"content":{"rendered":"<div id=\"attachment_4242\" style=\"width: 150px\" class=\"wp-caption alignleft\"><a href=\"https:\/\/meier-gerdingh.de\/wp-spd-ob\/wp-content\/uploads\/2017\/05\/zimkeit_stefan_17.jpg\"><img aria-describedby=\"caption-attachment-4242\" decoding=\"async\" class=\"size-full wp-image-4242\" src=\"https:\/\/meier-gerdingh.de\/wp-spd-ob\/wp-content\/uploads\/2017\/05\/zimkeit_stefan_17.jpg\" alt=\"\" width=\"140\" height=\"192\" \/><\/a><p id=\"caption-attachment-4242\" class=\"wp-caption-text\">Stefan Zimkeit ist Landtagsabgeordneter f\u00fcr Oberhausen-Sterkrade und Dinslaken sowie finanzpolitischer Sprecher der SPD-Landtagsfraktion<\/p><\/div>\n<p>Stefan Zimkeit hat in der Landespressekonferenz gefordert, den St\u00e4dten mehr Geld f\u00fcr die Integration zur Verf\u00fcgung zu stellen. &#8222;Da geht es f\u00fcr Oberhausen um ungef\u00e4hr 5,7 Millionen Euro f\u00fcr das laufende Jahr.&#8220; Thema der Pressekonferenz war ein Nachtragshaushalt, mit dem die Landesregierung 237 Millionen Euro in eine R\u00fccklage steckt, um sich damit den Haushalt 2019 &#8222;sch\u00f6nzurechnen&#8220;, wie Zimkeit feststellt. &#8222;Diese 237 Millionen sind Bundesmittel, die f\u00fcr Fl\u00fcchtlinge und Integration vorgesehen sind&#8220;, sagte er vor den Landesjournalisten, &#8222;dieses Geld m\u00fcssen die Kommunen bekommen&#8220;.<!--more--><\/p>\n<p>W\u00e4hrend das Land NRW wegen der zur\u00fcckgehenden Fl\u00fcchtlingszahlen immer geringere Ausgaben habe, st\u00fcnden die St\u00e4dte vor riesigen Herausforderungen, so der finanzpolitische Sprecher der SPD-Landtagsfraktion. &#8222;Vor Ort m\u00fcssen wir jetzt f\u00fcr eine langfristige Integration der zu uns gekommenen Menschen sorgen. Das kostet Geld&#8220;, stellt Zimkeit fest.<\/p>\n<p>SPD-Fraktionschef Thomas Kutschaty kritisierte auch den neuen Verteilschl\u00fcssel f\u00fcr die Kommunalfinanzierung. Er nannte als ein Beispiel Oberhausen, dessen finanzielle Situation sich 2019 um 10 Millionen Euro verschlechtern wird.<\/p>\n<p>Stefan Zimkeit warf dem CDU-Finanzministerium einen &#8222;Raubzug&#8220; zulasten der St\u00e4dte vor. &#8222;Davon ist das Ruhrgebiet ganz besonders betroffen.&#8220; Der l\u00e4ndliche Raum w\u00fcrde hingegen von der Neuverteilung der Landesmittel profitieren.<\/p>\n","protected":false},"excerpt":{"rendered":"<p>Stefan Zimkeit hat in der Landespressekonferenz gefordert, den St\u00e4dten mehr Geld f\u00fcr die Integration zur Verf\u00fcgung zu stellen. &#8222;Da geht es f\u00fcr Oberhausen um ungef\u00e4hr 5,7 Millionen Euro f\u00fcr das&hellip; <\/p>\n","protected":false},"author":1,"featured_media":0,"comment_status":"closed","ping_status":"closed","sticky":false,"template":"","format":"standard","meta":{"footnotes":""},"categories":[98,216],"tags":[229,575,14,565,1306],"quellen":[331],"class_list":["post-5538","post","type-post","status-publish","format-standard","hentry","category-finanzen","category-land","tag-bundesmittel","tag-fluechtlingsintegration","tag-kommunalfinanzen","tag-landeshaushalt","tag-ruhrgebiet","quellen-mdl-stefan-zimkeit"],"_links":{"self":[{"href":"https:\/\/meier-gerdingh.de\/wp-spd-ob\/wp-json\/wp\/v2\/posts\/5538","targetHints":{"allow":["GET"]}}],"collection":[{"href":"https:\/\/meier-gerdingh.de\/wp-spd-ob\/wp-json\/wp\/v2\/posts"}],"about":[{"href":"https:\/\/meier-gerdingh.de\/wp-spd-ob\/wp-json\/wp\/v2\/types\/post"}],"author":[{"embeddable":true,"href":"https:\/\/meier-gerdingh.de\/wp-spd-ob\/wp-json\/wp\/v2\/users\/1"}],"replies":[{"embeddable":true,"href":"https:\/\/meier-gerdingh.de\/wp-spd-ob\/wp-json\/wp\/v2\/comments?post=5538"}],"version-history":[{"count":0,"href":"https:\/\/meier-gerdingh.de\/wp-spd-ob\/wp-json\/wp\/v2\/posts\/5538\/revisions"}],"wp:attachment":[{"href":"https:\/\/meier-gerdingh.de\/wp-spd-ob\/wp-json\/wp\/v2\/media?parent=5538"}],"wp:term":[{"taxonomy":"category","embeddable":true,"href":"https:\/\/meier-gerdingh.de\/wp-spd-ob\/wp-json\/wp\/v2\/categories?post=5538"},{"taxonomy":"post_tag","embeddable":true,"href":"https:\/\/meier-gerdingh.de\/wp-spd-ob\/wp-json\/wp\/v2\/tags?post=5538"},{"taxonomy":"quellen","embeddable":true,"href":"https:\/\/meier-gerdingh.de\/wp-spd-ob\/wp-json\/wp\/v2\/quellen?post=5538"}],"curies":[{"name":"wp","href":"https:\/\/api.w.org\/{rel}","templated":true}]}}