{"id":5544,"date":"2018-09-18T17:23:59","date_gmt":"2018-09-18T15:23:59","guid":{"rendered":"https:\/\/meier-gerdingh.de\/wp-spd-ob\/?p=5544"},"modified":"2018-09-21T08:17:49","modified_gmt":"2018-09-21T06:17:49","slug":"rat-soll-druck-fuer-sozialen-arbeitsmarkt-machen","status":"publish","type":"post","link":"https:\/\/meier-gerdingh.de\/wp-spd-ob\/2018\/09\/18\/rat-soll-druck-fuer-sozialen-arbeitsmarkt-machen\/","title":{"rendered":"Rat soll Druck f\u00fcr sozialen Arbeitsmarkt machen"},"content":{"rendered":"<p><a href=\"https:\/\/meier-gerdingh.de\/wp-spd-ob\/wp-content\/uploads\/rathaus.jpg\"><img decoding=\"async\" class=\"alignleft size-full wp-image-1581\" src=\"https:\/\/meier-gerdingh.de\/wp-spd-ob\/wp-content\/uploads\/rathaus.jpg\" alt=\"\" width=\"140\" height=\"189\" \/><\/a>Unter dem Titel &#8222;Einen nachhaltigen sozialen Arbeitsmarkt schaffen&#8220; hat die Koalition einen <a href=\"https:\/\/allris.oberhausen.de\/bi\/vo020.asp?VOLFDNR=12071\" rel=\"noopener\" target=\"_blank\">Resolutionsentwurf<\/a> f\u00fcr die kommende Ratssitzung in die politische Diskussion eingebracht. Mit der Verabschiedung dieser Resolution soll der Rat die Verantwortlichen im NRW-Arbeitsministerium, die Landtags- sowie die Bundestagsabgeordneten dazu aufrufen, sich f\u00fcr ein &#8222;wirkungsvolles und nachhaltiges Instrument zur Bek\u00e4mpfung von Langzeitarbeitslosigkeit&#8220; einzusetzen.<\/p>\n<p>Dies sei n\u00f6tig, da trotz einer guten, wirtschaftlichen Entwicklung in Oberhausen nach wie vor ein sehr hoher Sockel von Langzeitarbeitslosigkeit zu verzeichnen sei, hei\u00dft es in der Resolution. Daher begr\u00fc\u00dfe der Rat ausdr\u00fccklich das Vorhaben der Bundesregierung, Langzeitarbeitslosen eine Perspektive zur Integration in den Arbeitsmarkt zu er\u00f6ffnen, erkenne aber die Notwendigkeit, den vorliegenden Gesetzentwurf an drei Eckpunkten zu verbessern.<!--more--><\/p>\n<p>So soll sich der Rat der Stadt daf\u00fcr aussprechen, den Tarif- statt des Mindestlohns als Berechnungsgrundlage zu nehmen. F\u00fcr tarifgebundene Arbeitgeber w\u00fcrde ein Festhalten am Mindestlohn n\u00e4mlich bedeuten, dass bereits im ersten Jahr der Besch\u00e4ftigung weniger als 100 Prozent der F\u00f6rderung zur Verf\u00fcgung stehen und eigene, erg\u00e4nzende Mittel eingesetzt werden m\u00fcssten.<\/p>\n<p>Der im Entwurf vorgesehene Zeitraum von sechs Jahren Leistungsbezug als Anspruchsvoraussetzung wird von der Koalition als zu lang erachtet: Sie will bereits Menschen f\u00f6rdern, die vier Jahre ohne Arbeit sind, was f\u00fcr die Bedarfstr\u00e4ger bedeuten w\u00fcrde, dass sie auch einen gr\u00f6\u00dferen Spielraum bei den Teilnehmenden haben.<\/p>\n<p>Zudem soll der Rat die Schaffung von voll sozialversicherungspflichtigen Arbeitspl\u00e4tzen fordern, damit f\u00fcr die Besch\u00e4ftigten regul\u00e4re Beitr\u00e4ge in die Arbeitslosenversicherung gezahlt werden. Zudem sei es notwendig, den Kommunen, insbesondere denen in der Haushaltssicherung, die M\u00f6glichkeit einzur\u00e4umen, eingesparte Finanzmittel aus den Kosten der Unterkunft direkt f\u00fcr die Besch\u00e4ftigung von Langzeitarbeitslosen einzusetzen.<\/p>\n","protected":false},"excerpt":{"rendered":"<p>Unter dem Titel &#8222;Einen nachhaltigen sozialen Arbeitsmarkt schaffen&#8220; hat die Koalition einen Resolutionsentwurf f\u00fcr die kommende Ratssitzung in die politische Diskussion eingebracht. Mit der Verabschiedung dieser Resolution soll der Rat&hellip; <\/p>\n","protected":false},"author":1,"featured_media":0,"comment_status":"closed","ping_status":"closed","sticky":false,"template":"","format":"standard","meta":{"footnotes":""},"categories":[174],"tags":[898,1649,1647,293,1648,1645,740,1646],"quellen":[326],"class_list":["post-5544","post","type-post","status-publish","format-standard","hentry","category-arbeit-und-soziales","tag-ampel-koalition","tag-kosten-der-unterkunft","tag-langzeitarbeitslosgkeit","tag-mindestlohn","tag-rat-der-stadt","tag-ratsresolution","tag-sozialer-arbeitsmarkt","tag-tariflohn","quellen-spd-fraktion-oberhausen"],"_links":{"self":[{"href":"https:\/\/meier-gerdingh.de\/wp-spd-ob\/wp-json\/wp\/v2\/posts\/5544","targetHints":{"allow":["GET"]}}],"collection":[{"href":"https:\/\/meier-gerdingh.de\/wp-spd-ob\/wp-json\/wp\/v2\/posts"}],"about":[{"href":"https:\/\/meier-gerdingh.de\/wp-spd-ob\/wp-json\/wp\/v2\/types\/post"}],"author":[{"embeddable":true,"href":"https:\/\/meier-gerdingh.de\/wp-spd-ob\/wp-json\/wp\/v2\/users\/1"}],"replies":[{"embeddable":true,"href":"https:\/\/meier-gerdingh.de\/wp-spd-ob\/wp-json\/wp\/v2\/comments?post=5544"}],"version-history":[{"count":0,"href":"https:\/\/meier-gerdingh.de\/wp-spd-ob\/wp-json\/wp\/v2\/posts\/5544\/revisions"}],"wp:attachment":[{"href":"https:\/\/meier-gerdingh.de\/wp-spd-ob\/wp-json\/wp\/v2\/media?parent=5544"}],"wp:term":[{"taxonomy":"category","embeddable":true,"href":"https:\/\/meier-gerdingh.de\/wp-spd-ob\/wp-json\/wp\/v2\/categories?post=5544"},{"taxonomy":"post_tag","embeddable":true,"href":"https:\/\/meier-gerdingh.de\/wp-spd-ob\/wp-json\/wp\/v2\/tags?post=5544"},{"taxonomy":"quellen","embeddable":true,"href":"https:\/\/meier-gerdingh.de\/wp-spd-ob\/wp-json\/wp\/v2\/quellen?post=5544"}],"curies":[{"name":"wp","href":"https:\/\/api.w.org\/{rel}","templated":true}]}}