{"id":5562,"date":"2018-09-26T12:21:05","date_gmt":"2018-09-26T10:21:05","guid":{"rendered":"https:\/\/meier-gerdingh.de\/wp-spd-ob\/?p=5562"},"modified":"2018-10-01T12:33:00","modified_gmt":"2018-10-01T10:33:00","slug":"arbeit-muss-sich-dem-leben-anpassen-nicht-umgekehrt","status":"publish","type":"post","link":"https:\/\/meier-gerdingh.de\/wp-spd-ob\/2018\/09\/26\/arbeit-muss-sich-dem-leben-anpassen-nicht-umgekehrt\/","title":{"rendered":"Arbeit muss sich dem Leben anpassen &#8211; nicht umgekehrt!"},"content":{"rendered":"<div id=\"attachment_1681\" style=\"width: 150px\" class=\"wp-caption alignleft\"><a href=\"https:\/\/meier-gerdingh.de\/wp-spd-ob\/wp-content\/uploads\/voepel_dirk_mdb.jpg\"><img aria-describedby=\"caption-attachment-1681\" decoding=\"async\" class=\"size-full wp-image-1681\" src=\"https:\/\/meier-gerdingh.de\/wp-spd-ob\/wp-content\/uploads\/voepel_dirk_mdb.jpg\" alt=\"\" width=\"140\" height=\"180\" \/><\/a><p id=\"caption-attachment-1681\" class=\"wp-caption-text\">Dirk V\u00f6pel ist Bundestagsabgeordneter f\u00fcr Oberhausen und Dinslaken und Vorsitzender der Oberhausener SPD<\/p><\/div>\n<p><em>Zu Fragen der Arbeitszeitpolitik der Zukunft hat sich die SPD-Bundestagsfraktion am Montag mit rund 270 Betriebs- und Personalr\u00e4ten aus ganz Deutschland ausgetauscht. Die Konferenz fand wenige Tage vor der Bundestagsdebatte \u00fcber die Einf\u00fchrung der Br\u00fcckenteilzeit statt.<\/em><\/p>\n<p>&#8222;Bei einer modernen Arbeitszeitpolitik geht es darum, unterschiedliche Interessen in Balance zu bringen&#8220;, erl\u00e4utert Dirk V\u00f6pel, Bundestagsabgeordneter f\u00fcr Oberhausen und Dinslaken. Es sei an der Zeit, die Arbeitsbedingungen, Arbeitszeiten sowie den Gesundheitsschutz unter die Lupe zu nehmen.<!--more--><\/p>\n<p>&#8222;Unternehmen haben verst\u00e4ndlicherweise ein Interesse daran, Innovation und Wettbewerbsf\u00e4higkeit zu st\u00e4rken und Arbeitszeiten m\u00f6glichst flexibel zu gestalten. Das darf aber nicht dazu f\u00fchren, dass st\u00e4ndige Erreichbarkeit, Wochenendarbeit und \u00fcberlange Arbeitszeiten zur Regel werden&#8220;.<\/p>\n<p>Arbeitszeiten m\u00fcssten sich vielmehr an der Lebenswirklichkeit der Menschen orientieren: &#8222;Wer Zeit f\u00fcr Weiterbildung, Ehrenamt, f\u00fcr die Kinder, die Eltern oder Partner braucht, der soll sie auch bekommen&#8220;, stellt V\u00f6pel klar. Die Menschen arbeiteten durchschnittlich wieder l\u00e4nger und zu immer ung\u00fcnstigeren Arbeitszeiten \u2013 vielfach ohne Ausgleich.<\/p>\n<p>Mit der Regelung zur befristeten Teilzeit, mit dem Recht zur R\u00fcckkehr auf die vorherige Arbeitszeit ist ein wichtiger Schritt in die richtige Richtung gemacht. &#8222;Wir freuen uns, dass der Gesetzentwurf zur so genannten Br\u00fcckenteilzeit diese Woche im Bundestag debattiert wird \u2013 und die Regelungen schon ab n\u00e4chstem Jahr gelten sollen&#8220;.<\/p>\n<p>Dirk V\u00f6pel betont: &#8222;Weil die Gestaltung von Arbeitszeit zu den Kernaufgaben von Betriebs- und Personalr\u00e4ten geh\u00f6rt, ist es sehr wichtig, dass wir uns hierzu austauschen. Und die heutige Debatte \u00fcber Arbeitszeitpolitik war intensiv und hoch interessant&#8220;.<\/p>\n<p>Mit der Vorsitzenden der SPD-Bundestagsfraktion Andrea Nahles, Bundesarbeitsminister Hubertus Heil, dem IG-Metall-Bevollm\u00e4chtigten Roman Zitzelsberger, Frau Professorin Beate Beermann von der Bundesanstalt f\u00fcr Arbeitsschutz und Arbeitsmedizin sowie weiteren Expertinnen und Experten habe man die geballte Expertise zur Arbeitszeitpolitik auf der Konferenz versammeln k\u00f6nnen.<\/p>\n<p>&#8222;Eins ist ganz deutlich geworden&#8220;, so Dirk V\u00f6pel: &#8222;Gerade vor dem Hintergrund von Globalisierung und Digitalisierung brauchen wir verbindliche Regeln zur Arbeitszeit und mehr Mitbestimmung dringender denn je&#8220;. Und der Abgeordnete betont: &#8222;Die SPD steht f\u00fcr Gute Arbeit ein. Gute Arbeitsbedingungen zu schaffen bedeutet auch, der Arbeitszeit Grenzen zu setzen.&#8220;<\/p>\n","protected":false},"excerpt":{"rendered":"<p>Zu Fragen der Arbeitszeitpolitik der Zukunft hat sich die SPD-Bundestagsfraktion am Montag mit rund 270 Betriebs- und Personalr\u00e4ten aus ganz Deutschland ausgetauscht. Die Konferenz fand wenige Tage vor der Bundestagsdebatte&hellip; <\/p>\n","protected":false},"author":1,"featured_media":0,"comment_status":"closed","ping_status":"closed","sticky":false,"template":"","format":"standard","meta":{"footnotes":""},"categories":[174],"tags":[1650,1652,685,1651,686,84],"quellen":[330],"class_list":["post-5562","post","type-post","status-publish","format-standard","hentry","category-arbeit-und-soziales","tag-arbeitszeit","tag-betriebs-und-personalraetekonferenz","tag-betriebsraete","tag-brueckenteilzeit","tag-personalraete","tag-spd-bundestagsfraktion","quellen-mdb-dirk-voepel"],"_links":{"self":[{"href":"https:\/\/meier-gerdingh.de\/wp-spd-ob\/wp-json\/wp\/v2\/posts\/5562","targetHints":{"allow":["GET"]}}],"collection":[{"href":"https:\/\/meier-gerdingh.de\/wp-spd-ob\/wp-json\/wp\/v2\/posts"}],"about":[{"href":"https:\/\/meier-gerdingh.de\/wp-spd-ob\/wp-json\/wp\/v2\/types\/post"}],"author":[{"embeddable":true,"href":"https:\/\/meier-gerdingh.de\/wp-spd-ob\/wp-json\/wp\/v2\/users\/1"}],"replies":[{"embeddable":true,"href":"https:\/\/meier-gerdingh.de\/wp-spd-ob\/wp-json\/wp\/v2\/comments?post=5562"}],"version-history":[{"count":0,"href":"https:\/\/meier-gerdingh.de\/wp-spd-ob\/wp-json\/wp\/v2\/posts\/5562\/revisions"}],"wp:attachment":[{"href":"https:\/\/meier-gerdingh.de\/wp-spd-ob\/wp-json\/wp\/v2\/media?parent=5562"}],"wp:term":[{"taxonomy":"category","embeddable":true,"href":"https:\/\/meier-gerdingh.de\/wp-spd-ob\/wp-json\/wp\/v2\/categories?post=5562"},{"taxonomy":"post_tag","embeddable":true,"href":"https:\/\/meier-gerdingh.de\/wp-spd-ob\/wp-json\/wp\/v2\/tags?post=5562"},{"taxonomy":"quellen","embeddable":true,"href":"https:\/\/meier-gerdingh.de\/wp-spd-ob\/wp-json\/wp\/v2\/quellen?post=5562"}],"curies":[{"name":"wp","href":"https:\/\/api.w.org\/{rel}","templated":true}]}}