{"id":5563,"date":"2018-09-27T12:26:35","date_gmt":"2018-09-27T10:26:35","guid":{"rendered":"https:\/\/meier-gerdingh.de\/wp-spd-ob\/?p=5563"},"modified":"2018-10-01T12:54:55","modified_gmt":"2018-10-01T10:54:55","slug":"es-geht-um-perspektiven-fuer-altenberg-und-umgebung-die-siedlung-gustavstrasse-und-die-kte-lirich","status":"publish","type":"post","link":"https:\/\/meier-gerdingh.de\/wp-spd-ob\/2018\/09\/27\/es-geht-um-perspektiven-fuer-altenberg-und-umgebung-die-siedlung-gustavstrasse-und-die-kte-lirich\/","title":{"rendered":"Es geht um Perspektiven f\u00fcr Altenberg und Umgebung, die Siedlung Gustavstra\u00dfe und die KTE Lirich"},"content":{"rendered":"<p><a href=\"https:\/\/meier-gerdingh.de\/wp-spd-ob\/wp-content\/uploads\/banner_ov_west_neu.jpg\"><img decoding=\"async\" class=\"aligncenter size-full wp-image-1778\" src=\"https:\/\/meier-gerdingh.de\/wp-spd-ob\/wp-content\/uploads\/banner_ov_west_neu.jpg\" alt=\"\" width=\"600\" height=\"150\" srcset=\"https:\/\/meier-gerdingh.de\/wp-spd-ob\/wp-content\/uploads\/banner_ov_west_neu.jpg 600w, https:\/\/meier-gerdingh.de\/wp-spd-ob\/wp-content\/uploads\/banner_ov_west_neu-300x75.jpg 300w\" sizes=\"(max-width: 600px) 100vw, 600px\" \/><\/a>Der SPD-Ortsverein Oberhausen-West l\u00e4dt in seiner Reihe <strong>&#8222;Stadtteilgespr\u00e4che&#8220;<\/strong> alle interessierten B\u00fcrgerinnen und B\u00fcrger ein, sich \u00fcber die aktuellen Sachst\u00e4nde KTE Lirich, Sanierung der Siedlung Gustavstra\u00dfe sowie die Perspektiven f\u00fcr das Altenberggel\u00e4nde und den Altenbergpark zu informieren.<!--more--><\/p>\n<p>Als Vertreter der Stadtverwaltung werden der Dezernent Herr <strong>J\u00fcrgen Schmidt<\/strong> sowie Herr <strong>Uwe Wilzewski<\/strong> vom Stadtteilb\u00fcro Lirich anwesend sein.<\/p>\n<p>Der Termin findet statt in den <strong>R\u00e4umen des Alevitischen Kulturvereins Oberhausen e.V.<\/strong> am:<\/p>\n<p><strong>Donnerstag\u00a0\u00a0|\u00a0\u00a004.10.2018\u00a0\u00a0|\u00a0\u00a019:00 Uhr<br \/>\nAlevitischer Kulturverein\u00a0\u00a0|\u00a0\u00a0Rombacher Str. 17\u00a0\u00a0|\u00a0\u00a046049 Oberhausen<\/strong>.<\/p>\n<style type=\"text\/css\" id=\"gmpMapStyles_5_98693\">\r\n\t#google_map_easy_5_98693 {\r\n        width: 100%;\r\n        height: 250px;\r\n\t\t\t\t\t\t    }\r\n\t#gmapControlsNum_5_98693 {\r\n\t\twidth:100%\t}\r\n\t.gmpMapDetailsContainer#gmpMapDetailsContainer_5_98693 {\r\n\t\theight:250px;\r\n\t}\r\n\t.gmp_MapPreview#google_map_easy_5_98693 {\r\n\t\t\/*position:absolute;*\/\r\n\t\twidth: 100%;\r\n\t}\r\n\t#mapConElem_5_98693{\r\n\t\twidth: 100%\t}\r\n    .gm-style .gm-style-iw-c{\r\n        padding: 12px!important;\r\n    }\r\n\t    <\/style>\r\n <div class=\"gmp_map_opts\" id=\"mapConElem_5_98693\" data-id=\"5\" data-view-id=\"5_98693\" > <div class=\"gmpMapDetailsContainer\" id=\"gmpMapDetailsContainer_5_98693\"> <i class=\"gmpKMLLayersPreloader fa fa-spinner fa-spin\" aria-hidden=\"true\" style=\"display: none;\"><\/i> <div class=\"gmp_MapPreview \" id=\"google_map_easy_5_98693\"><\/div> <\/div> <div class=\"gmpMapMarkerFilters\" id=\"gmpMapMarkerFilters_5_98693\"> <\/div> <div class=\"gmpMapProControlsCon\" id=\"gmpMapProControlsCon_5_98693\"> <a title=\"WordPress Google Maps\" style=\"display:none;\" href=\"https:\/\/supsystic.com\/plugins\/google-maps-plugin\/?utm_medium=love_link_hide\" target=\"_blank\">WordPress Google Maps<\/a><div style=\"clear: both;\"><\/div> <\/div> <div class=\"gmpMapProDirectionsCon\" id=\"gmpMapProDirectionsCon_5_98693\" > <\/div> <div class=\"gmpMapProKmlFilterCon\" id=\"gmpMapProKmlFilterCon_5_98693\" > <\/div> <div class=\"gmpSocialSharingShell gmpSocialSharingShell_5_98693\"> <\/div> <div style=\"clear: both;\"><\/div> <\/div> \n<p>Die Veranstaltung bietet im Anschluss an die thematische Diskussion auch die Gelegenheit, Vertreter des Alevitischen Kulturvereins kennen zu lernen sowie SPD-Rats- und -Bezirksvertretungsmitglieder aus dem Stadtteil Lirich auf aktuelle politische Themen anzusprechen.<\/p>\n","protected":false},"excerpt":{"rendered":"<p>Der SPD-Ortsverein Oberhausen-West l\u00e4dt in seiner Reihe &#8222;Stadtteilgespr\u00e4che&#8220; alle interessierten B\u00fcrgerinnen und B\u00fcrger ein, sich \u00fcber die aktuellen Sachst\u00e4nde KTE Lirich, Sanierung der Siedlung Gustavstra\u00dfe sowie die Perspektiven f\u00fcr das&hellip; <\/p>\n","protected":false},"author":1,"featured_media":0,"comment_status":"closed","ping_status":"closed","sticky":false,"template":"","format":"standard","meta":{"footnotes":""},"categories":[167,171],"tags":[1653,1656,422,1655,183,1657,1654,184,495],"quellen":[335],"class_list":["post-5563","post","type-post","status-publish","format-standard","hentry","category-stadtteile","category-veranstaltungen","tag-alevitischer-kulturverein","tag-altenbergpark","tag-buergerversammlung","tag-kte-lirich","tag-lirich","tag-siedlung-gustavstrasse","tag-stadtteilgespraech","tag-stadtteilgespraeche","tag-zentrum-altenberg","quellen-ov-west"],"_links":{"self":[{"href":"https:\/\/meier-gerdingh.de\/wp-spd-ob\/wp-json\/wp\/v2\/posts\/5563","targetHints":{"allow":["GET"]}}],"collection":[{"href":"https:\/\/meier-gerdingh.de\/wp-spd-ob\/wp-json\/wp\/v2\/posts"}],"about":[{"href":"https:\/\/meier-gerdingh.de\/wp-spd-ob\/wp-json\/wp\/v2\/types\/post"}],"author":[{"embeddable":true,"href":"https:\/\/meier-gerdingh.de\/wp-spd-ob\/wp-json\/wp\/v2\/users\/1"}],"replies":[{"embeddable":true,"href":"https:\/\/meier-gerdingh.de\/wp-spd-ob\/wp-json\/wp\/v2\/comments?post=5563"}],"version-history":[{"count":0,"href":"https:\/\/meier-gerdingh.de\/wp-spd-ob\/wp-json\/wp\/v2\/posts\/5563\/revisions"}],"wp:attachment":[{"href":"https:\/\/meier-gerdingh.de\/wp-spd-ob\/wp-json\/wp\/v2\/media?parent=5563"}],"wp:term":[{"taxonomy":"category","embeddable":true,"href":"https:\/\/meier-gerdingh.de\/wp-spd-ob\/wp-json\/wp\/v2\/categories?post=5563"},{"taxonomy":"post_tag","embeddable":true,"href":"https:\/\/meier-gerdingh.de\/wp-spd-ob\/wp-json\/wp\/v2\/tags?post=5563"},{"taxonomy":"quellen","embeddable":true,"href":"https:\/\/meier-gerdingh.de\/wp-spd-ob\/wp-json\/wp\/v2\/quellen?post=5563"}],"curies":[{"name":"wp","href":"https:\/\/api.w.org\/{rel}","templated":true}]}}