{"id":557,"date":"2007-02-05T17:00:00","date_gmt":"2007-02-05T15:00:00","guid":{"rendered":"http:\/\/www.meier-gerdingh.de\/spd-oberhausen\/wp\/?p=557"},"modified":"2017-05-14T15:31:57","modified_gmt":"2017-05-14T13:31:57","slug":"beatriks-brands-erneut-zur-vorsitzenden-gewaehlt","status":"publish","type":"post","link":"https:\/\/meier-gerdingh.de\/wp-spd-ob\/2007\/02\/05\/beatriks-brands-erneut-zur-vorsitzenden-gewaehlt\/","title":{"rendered":"Beatriks Brands erneut zur Vorsitzenden gew\u00e4hlt"},"content":{"rendered":"<div style=\"width: 150px\" class=\"wp-caption alignleft\"><a href=\"http:\/\/meier-gerdingh.de\/wp-spd-ob\/wp-content\/uploads\/brands_beatriks.jpg\"><img decoding=\"async\" class=\"size-full\" src=\"http:\/\/meier-gerdingh.de\/wp-spd-ob\/wp-content\/uploads\/brands_beatriks.jpg\" alt=\"Beatriks Brands wurde f\u00fcr weitere zwei Jahre zur Vorsitzenden des Ortsvereins Sterkrade-S\u00fcd gew\u00e4hlt\" width=\"140\" height=\"191\" \/><\/a><p class=\"wp-caption-text\">Beatriks Brands wurde f\u00fcr weitere zwei Jahre zur Vorsitzenden des Ortsvereins Sterkrade-S\u00fcd gew\u00e4hlt<\/p><\/div>\n<p>Die alte und neue Vorsitzende des Ortsvereins Sterkrade-S\u00fcd Beatriks Brands blickte in ihrem Rechenschaftsbericht nicht nur auf das abgelaufene Jahr zur\u00fcck, sondern stellte auch die Arbeitsschwerpunkte des kommenden Jahres vor. Der Ortsverein werde insbesondere die Entwicklung der Sterkrader Innenstadt (hier u. a. das &#8222;Sterkrader Tor&#8220;), die Gestaltung der k\u00fcnftigen Fronleichnamskirmes und den Ausbau der &#8222;Betuwe-Linie&#8220; intensiv und kritisch begleiten.<!--more--><\/p>\n<p>Nachdem Sebastian Flecken f\u00fcr die Juso AG und G\u00fcnter Cla\u00dfen f\u00fcr die Senioren AG 60 plus \u00fcber die gr\u00f6\u00dftenteils gemeinsam durchgef\u00fchrten Veranstaltungen und Seminare berichteten, erteilten die Mitglieder dem Vorstand die Entlastung. Die anschlie\u00dfenden Neuwahlen ergaben folgende Ergebnisse: Beatriks Brands wurde als Vorsitzende best\u00e4tigt und wiedergew\u00e4hlt. Unterst\u00fctz wird die Vorsitzende durch ihre Stellvertreter Karsten Bron und Hubert Cordes. Dem Ortsvereinsvorstand geh\u00f6ren weiterhin an: Frank Th\u00f6nissen als Schriftf\u00fchrer, J\u00fcrgen Trenck und Dirk Balthaus als Kassierer, Manfred Flore als Bildungsbeauftragter sowie Otto Brands, Brigitte B\u00fclles, Angelika Cordes, Susanne Cordes, Georg Diedenhofen (auch Mitgliederbeauftragter), J\u00fcrgen Fl\u00f6tgen, Horst Kalthoff, Astrid Schr\u00f6der und Udo Spiecker als Beisitzer.<\/p>\n<p>Ein weiterer Tagesordnungspunkt war die Wahl der Delegierten zu den Unterbezirksparteitagen. Das Ergebnis der Abstimmungsg\u00e4nge: Elia Albrecht-Mainz, Jutta Bach-Meier, Dirk Balthaus, Beatriks Brands, Otto Brands, Karsten Bron, Brigitte B\u00fclles, Angelika Cordes, Hubert Cordes, Susanne Cordes, Georg Diedenhofen, Karl-Heinz Emmerich, J\u00fcrgen Fl\u00f6tgen, Manfred Flore, Reinhard Frind, Horst Kalthoff, Magdalena Katner, Marina Kohnke, Reinhard Schreiber, Astrid Schr\u00f6der, Udo Spiecker, Ruth Sporysch, Frank Th\u00f6nissen und J\u00fcrgen Trenck.<\/p>\n","protected":false},"excerpt":{"rendered":"<p>Die alte und neue Vorsitzende des Ortsvereins Sterkrade-S\u00fcd Beatriks Brands blickte in ihrem Rechenschaftsbericht nicht nur auf das abgelaufene Jahr zur\u00fcck, sondern stellte auch die Arbeitsschwerpunkte des kommenden Jahres vor.&hellip; <\/p>\n","protected":false},"author":1,"featured_media":0,"comment_status":"closed","ping_status":"closed","sticky":false,"template":"","format":"standard","meta":{"footnotes":""},"categories":[1],"tags":[],"quellen":[],"class_list":["post-557","post","type-post","status-publish","format-standard","hentry","category-allgemein"],"_links":{"self":[{"href":"https:\/\/meier-gerdingh.de\/wp-spd-ob\/wp-json\/wp\/v2\/posts\/557","targetHints":{"allow":["GET"]}}],"collection":[{"href":"https:\/\/meier-gerdingh.de\/wp-spd-ob\/wp-json\/wp\/v2\/posts"}],"about":[{"href":"https:\/\/meier-gerdingh.de\/wp-spd-ob\/wp-json\/wp\/v2\/types\/post"}],"author":[{"embeddable":true,"href":"https:\/\/meier-gerdingh.de\/wp-spd-ob\/wp-json\/wp\/v2\/users\/1"}],"replies":[{"embeddable":true,"href":"https:\/\/meier-gerdingh.de\/wp-spd-ob\/wp-json\/wp\/v2\/comments?post=557"}],"version-history":[{"count":0,"href":"https:\/\/meier-gerdingh.de\/wp-spd-ob\/wp-json\/wp\/v2\/posts\/557\/revisions"}],"wp:attachment":[{"href":"https:\/\/meier-gerdingh.de\/wp-spd-ob\/wp-json\/wp\/v2\/media?parent=557"}],"wp:term":[{"taxonomy":"category","embeddable":true,"href":"https:\/\/meier-gerdingh.de\/wp-spd-ob\/wp-json\/wp\/v2\/categories?post=557"},{"taxonomy":"post_tag","embeddable":true,"href":"https:\/\/meier-gerdingh.de\/wp-spd-ob\/wp-json\/wp\/v2\/tags?post=557"},{"taxonomy":"quellen","embeddable":true,"href":"https:\/\/meier-gerdingh.de\/wp-spd-ob\/wp-json\/wp\/v2\/quellen?post=557"}],"curies":[{"name":"wp","href":"https:\/\/api.w.org\/{rel}","templated":true}]}}