{"id":5580,"date":"2018-10-08T15:00:17","date_gmt":"2018-10-08T13:00:17","guid":{"rendered":"https:\/\/meier-gerdingh.de\/wp-spd-ob\/?p=5580"},"modified":"2018-10-12T15:08:27","modified_gmt":"2018-10-12T13:08:27","slug":"spd-fraktion-und-ag-60-plus-haben-ein-offenes-ohr-fuer-senioren","status":"publish","type":"post","link":"https:\/\/meier-gerdingh.de\/wp-spd-ob\/2018\/10\/08\/spd-fraktion-und-ag-60-plus-haben-ein-offenes-ohr-fuer-senioren\/","title":{"rendered":"SPD-Fraktion und AG 60 plus haben ein offenes Ohr f\u00fcr Senioren"},"content":{"rendered":"<div id=\"attachment_5578\" style=\"width: 730px\" class=\"wp-caption aligncenter\"><a href=\"https:\/\/meier-gerdingh.de\/wp-spd-ob\/wp-content\/uploads\/2018\/10\/seniorenmesse_bero_lg.jpg\"><img aria-describedby=\"caption-attachment-5578\" decoding=\"async\" class=\"size-full wp-image-5578\" src=\"https:\/\/meier-gerdingh.de\/wp-spd-ob\/wp-content\/uploads\/2018\/10\/seniorenmesse_bero.jpg\" alt=\"\" width=\"720\" height=\"487\" srcset=\"https:\/\/meier-gerdingh.de\/wp-spd-ob\/wp-content\/uploads\/2018\/10\/seniorenmesse_bero.jpg 720w, https:\/\/meier-gerdingh.de\/wp-spd-ob\/wp-content\/uploads\/2018\/10\/seniorenmesse_bero-300x203.jpg 300w\" sizes=\"(max-width: 720px) 100vw, 720px\" \/><\/a><p id=\"caption-attachment-5578\" class=\"wp-caption-text\">Beste Laune herrschte bei den SPD-Vertretern auf der Seniorenmesse am Samstag im Bero-Zentrum (v.l.): J\u00fcrgen Clemens, Ercan Telli (Sozialpolitischer Sprecher der SPD-Fraktion), Manfred Grobin (Vorsitzender AG 60 plus Oberhausen), Karin Tysiak und Helmuth Eidam. (Foto: privat)<\/p><\/div>\n<p>Anl\u00e4sslich der Seniorenmesse &#8222;Das Alter ist bunt&#8220; im Bero-Zentrum am Samstag sind die SPD-Ratsfraktion und die Arbeitsgemeinschaft 60 plus der Oberhausener SPD vor Ort gewesen. Etliche Besucherinnen und Besucher informierten sich \u00fcber die Angebote f\u00fcr Seniorinnen und Senioren, machten aber auch auf Defizite aufmerksam.<\/p>\n<p>Ideen und Kritik konnten die Besucher auf Handzetteln formulieren, diese Impulse haben Fraktion und Arbeitsgemeinschaft nun mitgenommen. Vor allem eine seniorengerechte Gestaltung der Innenst\u00e4dte wurde dort als Wunsch f\u00fcr die Zukunft formuliert.<!--more--><\/p>\n<p>&#8222;Der direkte Kontakt zu den Besuchern, ihre W\u00fcnsche und Bed\u00fcrfnisse aus erster Hand zu erfahren, sind f\u00fcr unsere politische Arbeit wichtige Aspekte&#8220;, erkl\u00e4rt die Stadtverordnete Kirsten Oberste-Kleinbeck, Vorsitzende des Sozialausschusses.<\/p>\n","protected":false},"excerpt":{"rendered":"<p>Anl\u00e4sslich der Seniorenmesse &#8222;Das Alter ist bunt&#8220; im Bero-Zentrum am Samstag sind die SPD-Ratsfraktion und die Arbeitsgemeinschaft 60 plus der Oberhausener SPD vor Ort gewesen. Etliche Besucherinnen und Besucher informierten&hellip; <\/p>\n","protected":false},"author":1,"featured_media":0,"comment_status":"closed","ping_status":"closed","sticky":false,"template":"","format":"standard","meta":{"footnotes":""},"categories":[854],"tags":[1670,1671,1669],"quellen":[328,326],"class_list":["post-5580","post","type-post","status-publish","format-standard","hentry","category-senioren","tag-bero-zentrum","tag-infostand","tag-seniorenmesse-das-alter-ist-bunt","quellen-ag-60-plus-oberhausen","quellen-spd-fraktion-oberhausen"],"_links":{"self":[{"href":"https:\/\/meier-gerdingh.de\/wp-spd-ob\/wp-json\/wp\/v2\/posts\/5580","targetHints":{"allow":["GET"]}}],"collection":[{"href":"https:\/\/meier-gerdingh.de\/wp-spd-ob\/wp-json\/wp\/v2\/posts"}],"about":[{"href":"https:\/\/meier-gerdingh.de\/wp-spd-ob\/wp-json\/wp\/v2\/types\/post"}],"author":[{"embeddable":true,"href":"https:\/\/meier-gerdingh.de\/wp-spd-ob\/wp-json\/wp\/v2\/users\/1"}],"replies":[{"embeddable":true,"href":"https:\/\/meier-gerdingh.de\/wp-spd-ob\/wp-json\/wp\/v2\/comments?post=5580"}],"version-history":[{"count":0,"href":"https:\/\/meier-gerdingh.de\/wp-spd-ob\/wp-json\/wp\/v2\/posts\/5580\/revisions"}],"wp:attachment":[{"href":"https:\/\/meier-gerdingh.de\/wp-spd-ob\/wp-json\/wp\/v2\/media?parent=5580"}],"wp:term":[{"taxonomy":"category","embeddable":true,"href":"https:\/\/meier-gerdingh.de\/wp-spd-ob\/wp-json\/wp\/v2\/categories?post=5580"},{"taxonomy":"post_tag","embeddable":true,"href":"https:\/\/meier-gerdingh.de\/wp-spd-ob\/wp-json\/wp\/v2\/tags?post=5580"},{"taxonomy":"quellen","embeddable":true,"href":"https:\/\/meier-gerdingh.de\/wp-spd-ob\/wp-json\/wp\/v2\/quellen?post=5580"}],"curies":[{"name":"wp","href":"https:\/\/api.w.org\/{rel}","templated":true}]}}