{"id":5586,"date":"2018-10-11T14:57:31","date_gmt":"2018-10-11T12:57:31","guid":{"rendered":"https:\/\/meier-gerdingh.de\/wp-spd-ob\/?p=5586"},"modified":"2018-12-13T19:25:51","modified_gmt":"2018-12-13T18:25:51","slug":"aktuelle-stunde-zum-todesfall-des-amed-a-in-der-jva-kleve","status":"publish","type":"post","link":"https:\/\/meier-gerdingh.de\/wp-spd-ob\/2018\/10\/11\/aktuelle-stunde-zum-todesfall-des-amed-a-in-der-jva-kleve\/","title":{"rendered":"Aktuelle Stunde zum Todesfall des Ahmed A. in der JVA Kleve"},"content":{"rendered":"<div id=\"attachment_5285\" style=\"width: 190px\" class=\"wp-caption alignleft\"><a href=\"https:\/\/meier-gerdingh.de\/wp-spd-ob\/wp-content\/uploads\/2018\/06\/14_bongers_sonja_1000.jpg\"><img aria-describedby=\"caption-attachment-5285\" decoding=\"async\" class=\"size-full wp-image-5285\" src=\"https:\/\/meier-gerdingh.de\/wp-spd-ob\/wp-content\/uploads\/2018\/06\/14_bongers_sonja.jpg\" alt=\"\" width=\"180\" height=\"180\" srcset=\"https:\/\/meier-gerdingh.de\/wp-spd-ob\/wp-content\/uploads\/2018\/06\/14_bongers_sonja.jpg 180w, https:\/\/meier-gerdingh.de\/wp-spd-ob\/wp-content\/uploads\/2018\/06\/14_bongers_sonja-150x150.jpg 150w\" sizes=\"(max-width: 180px) 100vw, 180px\" \/><\/a><p id=\"caption-attachment-5285\" class=\"wp-caption-text\">Sonja Bongers ist Mitglied des Landtags von Nordrhein-Westfalen f\u00fcr Alt-Oberhausen und Osterfeld<\/p><\/div>\n<p>&#8222;Es ist \u00e4u\u00dferst tragisch, dass ein junger Mann zu Unrecht inhaftiert wurde und dabei auch noch zu Tode kommt&#8220;, bedauert die Landtagsabgeordnete Sonja Bongers (SPD) den Todesfall des Ahmed A., der am 29. September den Folgen eines Brandes in der JVA Kleve erlag. Der 26-j\u00e4hrige Syrer wurde versehentlich f\u00fcr einen Afrikaner aus Mali gehalten, der auf einer Fahndungsliste stand und deswegen unrechtm\u00e4\u00dfig \u00fcber Wochen festgehalten wurde.<!--more--><\/p>\n<p>Leider konnte die Landesregierung immer noch nicht aufkl\u00e4ren, wie diese Verwechslung stattfinden m\u00f6glich war. Ebenfalls Fragen bez\u00fcglich der Brandermittlung blieben offen.<\/p>\n<p>&#8222;Im Vorfeld hatten wir bereits versucht, die Brandursache und die Umst\u00e4nde dieser Trag\u00f6die in einer Aktuellen Viertelstunde des Rechtsausschusses und in einer gemeinsamen Sondersitzung von Rechts- und Innenausschuss zu kl\u00e4ren&#8220;, so Bongers, die auch rechtspolitische Sprecherin der SPD-Landtagsfraktion ist.<\/p>\n<p>Nach einer wenig ergiebigen Fragestunde in der gestrigen Plenarsitzung, folgte heute die Aussprache in der Aktuellen Stunde des Landtagsplenums, in der Bongers von der Landesregierung erneut Aufkl\u00e4rung in diesem vermeintlichen Justizskandal forderte: &#8222;\u00dcbernehmen Sie endlich Verantwortung, Minister Biesenbach!&#8220;<\/p>\n","protected":false},"excerpt":{"rendered":"<p>&#8222;Es ist \u00e4u\u00dferst tragisch, dass ein junger Mann zu Unrecht inhaftiert wurde und dabei auch noch zu Tode kommt&#8220;, bedauert die Landtagsabgeordnete Sonja Bongers (SPD) den Todesfall des Ahmed A.,&hellip; <\/p>\n","protected":false},"author":1,"featured_media":0,"comment_status":"closed","ping_status":"closed","sticky":false,"template":"","format":"standard","meta":{"footnotes":""},"categories":[216],"tags":[1676,1677,219],"quellen":[1317],"class_list":["post-5586","post","type-post","status-publish","format-standard","hentry","category-land","tag-aktuelle-stunde-landtag","tag-jva-kleve","tag-landtag-nrw","quellen-mdl-sonja-bongers"],"_links":{"self":[{"href":"https:\/\/meier-gerdingh.de\/wp-spd-ob\/wp-json\/wp\/v2\/posts\/5586","targetHints":{"allow":["GET"]}}],"collection":[{"href":"https:\/\/meier-gerdingh.de\/wp-spd-ob\/wp-json\/wp\/v2\/posts"}],"about":[{"href":"https:\/\/meier-gerdingh.de\/wp-spd-ob\/wp-json\/wp\/v2\/types\/post"}],"author":[{"embeddable":true,"href":"https:\/\/meier-gerdingh.de\/wp-spd-ob\/wp-json\/wp\/v2\/users\/1"}],"replies":[{"embeddable":true,"href":"https:\/\/meier-gerdingh.de\/wp-spd-ob\/wp-json\/wp\/v2\/comments?post=5586"}],"version-history":[{"count":0,"href":"https:\/\/meier-gerdingh.de\/wp-spd-ob\/wp-json\/wp\/v2\/posts\/5586\/revisions"}],"wp:attachment":[{"href":"https:\/\/meier-gerdingh.de\/wp-spd-ob\/wp-json\/wp\/v2\/media?parent=5586"}],"wp:term":[{"taxonomy":"category","embeddable":true,"href":"https:\/\/meier-gerdingh.de\/wp-spd-ob\/wp-json\/wp\/v2\/categories?post=5586"},{"taxonomy":"post_tag","embeddable":true,"href":"https:\/\/meier-gerdingh.de\/wp-spd-ob\/wp-json\/wp\/v2\/tags?post=5586"},{"taxonomy":"quellen","embeddable":true,"href":"https:\/\/meier-gerdingh.de\/wp-spd-ob\/wp-json\/wp\/v2\/quellen?post=5586"}],"curies":[{"name":"wp","href":"https:\/\/api.w.org\/{rel}","templated":true}]}}