{"id":559,"date":"2007-02-08T17:00:00","date_gmt":"2007-02-08T15:00:00","guid":{"rendered":"http:\/\/www.meier-gerdingh.de\/spd-oberhausen\/wp\/?p=559"},"modified":"2017-05-14T15:31:37","modified_gmt":"2017-05-14T13:31:37","slug":"motschull-und-wehling-weiter-an-der-spitze-des-ortsvereins","status":"publish","type":"post","link":"https:\/\/meier-gerdingh.de\/wp-spd-ob\/2007\/02\/08\/motschull-und-wehling-weiter-an-der-spitze-des-ortsvereins\/","title":{"rendered":"Motschull und Wehling weiter an der Spitze des Ortsvereins"},"content":{"rendered":"<div style=\"width: 150px\" class=\"wp-caption alignleft\"><a href=\"http:\/\/meier-gerdingh.de\/wp-spd-ob\/wp-content\/uploads\/motschull_frank.jpg\"><img decoding=\"async\" class=\"size-full\" src=\"http:\/\/meier-gerdingh.de\/wp-spd-ob\/wp-content\/uploads\/motschull_frank.jpg\" alt=\"Steht weiter an der Spitze des Ortsvereins Oberhausen-Ost: Frank Motschull\" width=\"140\" height=\"191\" \/><\/a><p class=\"wp-caption-text\">Steht weiter an der Spitze des Ortsvereins Oberhausen-Ost: Frank Motschull<\/p><\/div>\n<p>Der Ortsvereinsvorsitzende Frank Motschull zog eine positive Bilanz der Parteiarbeit im zur\u00fcckliegenden Jahr. Mit zahlreichen Beitritten habe die SPD in Oberhausen-Ost bewiesen, wie attraktiv politische Arbeit sein kann. Dazu trugen insbesondere die vielen Aktivit\u00e4ten der Arbeitsgemeinschaften der Jusos und der AG 60 plus bei. Unter der Leitung von Erwin Stroh ist es gelungen, alle 2 Monate \u00fcber 50 Teilnehmer f\u00fcr Veranstaltungen zu gewinnen, bei denen oftmals Referenten ganz praktische Fragen von der Steuerpflicht auf Renten bis zur Gesundheit darstellten.<!--more--><\/p>\n<p>Motschull hob den Einsatz f\u00fcr eine neue Dellwiger Br\u00fccke und die Diskussion mit den B\u00fcrgern \u00fcber das B\u00e4derkonzept der Stadt als Schwerpunkte des Jahres 2006 hervor. Nachdem die Oberhausener SPD und Oberb\u00fcrgermeister Wehling alles f\u00fcr den Br\u00fcckenneubau getan h\u00e4tten, stehe nun noch die Entscheidung von Verkehrsminister Wittke im Fr\u00fchjahr aus. In der Diskussion um das B\u00e4derkonzept habe der Ortsverein Ost mit einer von 200 B\u00fcrgern besuchten Versammlung Offenheit und Diskussionsfreude bewiesen. Dieser Umgang mit W\u00fcnschen und Sorgen der B\u00fcrgerinnen und B\u00fcrger sei Ausdruck des Politikstils im SPD-Ortsverein Oberhausen-Ost.<\/p>\n<p>Oberb\u00fcrgermeister Klaus Wehling erl\u00e4uterte die gemeinsame Absicht der Emschergenossenschaft und der Stadt Oberhausen, auf der so genannten Emscher-Insel um das Stadion Niederrhein Impulse f\u00fcr eine Attraktivit\u00e4tssteigerung in den Bereichen Sport und Freizeit zu entwickeln. Dem diene eine Machbarkeitsstudie, die bis Ende April vorliege. Thematisch breit angelegt werden darin Nutzungen und Finanzierungsans\u00e4tze konzipiert und gepr\u00fcft.<\/p>\n<p>Der Generalsekret\u00e4r der NRW SPD Michael Groschek schilderte den Teilnehmern die Aufbruchstimmung, die Hannelore Kraft als neue Landesvorsitzende der SPD auf dem Landesparteitag verspr\u00fchte. Kraft werde es gelingen, der Partei ein neues Profil f\u00fcr die Aufgaben der Zukunft zu geben. Den W\u00e4hlerinnen und W\u00e4hlern in NRW werde bis zur Landtagswahl vermittelt, worin sich das SPD-Leitbild der solidarischen und zur Ver\u00e4nderung bereiten Gesellschaft in NRW vom Zukunftsmodell der CDU unterscheide. Bildung stehe gerade deshalb im Mittelpunkt der Landespolitik, weil die neoliberale Politik der CDU-FDP-Koalition soziale Ungleichheit versch\u00e4rfe, indem Chancen auf Bildung wieder st\u00e4rker an den sozialen Hintergrund der Eltern gebunden w\u00fcrden. Die Stichworte lauten: Aufhebung der Schulbezirke, Aufhebung der Durchl\u00e4ssigkeit zwischen Gymnasium und den \u00fcbrigen Schulformen durch das Abitur nach 12 Schuljahren.<\/p>\n<p>Frank Motschull als Ortsvereinsvorsitzender und Klaus Wehling als Stellvertreter wurden in ihren \u00c4mtern best\u00e4tigt. Neue stellvertretende Vorsitzende ist D\u00f6rte Delberg-Ziepke. Weitere Aufgaben \u00fcbernehmen Hans-Georg Po\u00df (Gesch\u00e4ftsf\u00fchrer), Horst Wolter (Kassierer), Nicole Kenzer, Ulrike Will und Harald Schwab als Schriftf\u00fchrer, Roland Fitze und Magnus Dellwig als Pressesprecher, Friedhelm Pascheberg (Wahlkampfbeauftragter) und die Beisitzer Michael Groschek, Dorothee Radtke, Horst Fa\u00dfbender, Rene Pascheberg, Ingrid Savilius, Hartwig Kompa, Walburga Grunauer, Klaus Knichel, Corinna Behrends, Ingo D\u00e4mgen, Anke Eisermann, Margit Klein und Erik Fechner.<\/p>\n<p>Als Delegierte zu den Unterbezirksparteitagen der Oberhausener SPD wurden gew\u00e4hlt: Wehling, Wolter, Groschek, Motschull, Dellwig, Po\u00df, Fassbender, Radtke, Grunauer, Kenzer, Kompa, Savilius, Roswitha Groschek, Knichel, Delberg-Ziepke, Fitze, D\u00e4mgen, Eisermann, F. Pascheberg, R. Pascheberg, Oberschewen, Stroh, Klein, Behrends, Inge Pohl.<\/p>\n","protected":false},"excerpt":{"rendered":"<p>Der Ortsvereinsvorsitzende Frank Motschull zog eine positive Bilanz der Parteiarbeit im zur\u00fcckliegenden Jahr. Mit zahlreichen Beitritten habe die SPD in Oberhausen-Ost bewiesen, wie attraktiv politische Arbeit sein kann. Dazu trugen&hellip; <\/p>\n","protected":false},"author":1,"featured_media":0,"comment_status":"closed","ping_status":"closed","sticky":false,"template":"","format":"standard","meta":{"footnotes":""},"categories":[1],"tags":[],"quellen":[],"class_list":["post-559","post","type-post","status-publish","format-standard","hentry","category-allgemein"],"_links":{"self":[{"href":"https:\/\/meier-gerdingh.de\/wp-spd-ob\/wp-json\/wp\/v2\/posts\/559","targetHints":{"allow":["GET"]}}],"collection":[{"href":"https:\/\/meier-gerdingh.de\/wp-spd-ob\/wp-json\/wp\/v2\/posts"}],"about":[{"href":"https:\/\/meier-gerdingh.de\/wp-spd-ob\/wp-json\/wp\/v2\/types\/post"}],"author":[{"embeddable":true,"href":"https:\/\/meier-gerdingh.de\/wp-spd-ob\/wp-json\/wp\/v2\/users\/1"}],"replies":[{"embeddable":true,"href":"https:\/\/meier-gerdingh.de\/wp-spd-ob\/wp-json\/wp\/v2\/comments?post=559"}],"version-history":[{"count":0,"href":"https:\/\/meier-gerdingh.de\/wp-spd-ob\/wp-json\/wp\/v2\/posts\/559\/revisions"}],"wp:attachment":[{"href":"https:\/\/meier-gerdingh.de\/wp-spd-ob\/wp-json\/wp\/v2\/media?parent=559"}],"wp:term":[{"taxonomy":"category","embeddable":true,"href":"https:\/\/meier-gerdingh.de\/wp-spd-ob\/wp-json\/wp\/v2\/categories?post=559"},{"taxonomy":"post_tag","embeddable":true,"href":"https:\/\/meier-gerdingh.de\/wp-spd-ob\/wp-json\/wp\/v2\/tags?post=559"},{"taxonomy":"quellen","embeddable":true,"href":"https:\/\/meier-gerdingh.de\/wp-spd-ob\/wp-json\/wp\/v2\/quellen?post=559"}],"curies":[{"name":"wp","href":"https:\/\/api.w.org\/{rel}","templated":true}]}}