{"id":56,"date":"2002-02-05T17:00:00","date_gmt":"2002-02-05T15:00:00","guid":{"rendered":"http:\/\/www.meier-gerdingh.de\/spd-oberhausen\/wp\/?p=56"},"modified":"2017-05-12T09:30:39","modified_gmt":"2017-05-12T07:30:39","slug":"notwendige-parkplaetze-koennen-kostenguenstiger-gebaut-werden","status":"publish","type":"post","link":"https:\/\/meier-gerdingh.de\/wp-spd-ob\/2002\/02\/05\/notwendige-parkplaetze-koennen-kostenguenstiger-gebaut-werden\/","title":{"rendered":"Notwendige Parkpl\u00e4tze k\u00f6nnen kosteng\u00fcnstiger gebaut werden"},"content":{"rendered":"<div style=\"width: 190px\" class=\"wp-caption alignleft\"><a href=\"http:\/\/meier-gerdingh.de\/wp-spd-ob\/wp-content\/uploads\/technisches_rathaus.jpg\"><img decoding=\"async\" class=\"size-full\" src=\"http:\/\/meier-gerdingh.de\/wp-spd-ob\/wp-content\/uploads\/technisches_rathaus.jpg\" alt=\"Technisches Rathaus Sterkrade\" width=\"180\" height=\"145\" \/><\/a><p class=\"wp-caption-text\">Technisches Rathaus Sterkrade<\/p><\/div>\n<p>In der letzten Ratssitzung hatte die Verwaltung auf Anregung der SPD-Fraktion eine Vorlage \u00fcber weitere Realisierungsschritte beim Technischen Rathaus zur erneuten \u00dcberpr\u00fcfung zur\u00fcckgezogen. Nun informierte sich der SPD-Fraktionsvorstand \u00fcber den aktuellen Sachstand. Wichtigstes Ergebnis: Die erforderlichen Parkpl\u00e4tze k\u00f6nnen voraussichtlich weitaus kosteng\u00fcnstiger realisiert werden.<!--more--><\/p>\n<p>Vor dem Hintergrund, dass die konkrete Verpflichtung besteht, 340 Parkpl\u00e4tze f\u00fcr den zwingend zu f\u00fchrenden Stellplatznachweis f\u00fcr Besucher und Besch\u00e4ftigte errichten zu m\u00fcssen, hat die Verwaltung die Planung zur Errichtung einer zun\u00e4chst vorgesehenen bis zu 3-geschossigen Parkpalette \u00fcberpr\u00fcft.<\/p>\n<p>Diese \u00dcberpr\u00fcfung hat zum Ergebnis, dass auf den an die ehemalige MAN\/GHH-Hauptverwaltung unmittelbar angrenzenden Grundst\u00fccksfl\u00e4chen 152 Parkpl\u00e4tze dauerhaft ebenerdig errichtet werden k\u00f6nnen. Die dann noch erforderlichen 188 Stellpl\u00e4tze sollen zun\u00e4chst befristet auf einer anzupachtenden Grundst\u00fccksfl\u00e4che im unmittelbaren Umfeld hergerichtet werden.<\/p>\n<p>&#8222;Damit k\u00f6nnen&#8220;, so der Vorsitzende der SPD-Fraktion Wolfgang Gro\u00dfe Br\u00f6mer, &#8222;die notwendigen Stellpl\u00e4tze gegen\u00fcber urspr\u00fcnglichen Planungsvarianten wesentlich kosteng\u00fcnstiger errichtet werden.&#8220; Denn die urspr\u00fcnglich geplante Parkpalette h\u00e4tte Kosten in H\u00f6he von rd. 5,9 Mio. DM verursacht, die ebenerdige Errichtung ist jedoch f\u00fcr ca. 1,8 Mio. DM zu realisieren.<\/p>\n<p>Der Vorstand der SPD-Fraktion hat mit Blick auf die erhebliche Kostenreduzierung festgehalten, der Gesamtfraktion diese Alternative zur Umsetzung vorzuschlagen. Bereits in den n\u00e4chsten Sitzungsturnus der Fachaussch\u00fcsse des Rates der Stadt soll eine entsprechend \u00fcberarbeitete Verwaltungsvorlage eingebracht werden.<\/p>\n","protected":false},"excerpt":{"rendered":"<p>In der letzten Ratssitzung hatte die Verwaltung auf Anregung der SPD-Fraktion eine Vorlage \u00fcber weitere Realisierungsschritte beim Technischen Rathaus zur erneuten \u00dcberpr\u00fcfung zur\u00fcckgezogen. Nun informierte sich der SPD-Fraktionsvorstand \u00fcber den&hellip; <\/p>\n","protected":false},"author":1,"featured_media":0,"comment_status":"closed","ping_status":"closed","sticky":false,"template":"","format":"standard","meta":{"footnotes":""},"categories":[1],"tags":[],"quellen":[],"class_list":["post-56","post","type-post","status-publish","format-standard","hentry","category-allgemein"],"_links":{"self":[{"href":"https:\/\/meier-gerdingh.de\/wp-spd-ob\/wp-json\/wp\/v2\/posts\/56","targetHints":{"allow":["GET"]}}],"collection":[{"href":"https:\/\/meier-gerdingh.de\/wp-spd-ob\/wp-json\/wp\/v2\/posts"}],"about":[{"href":"https:\/\/meier-gerdingh.de\/wp-spd-ob\/wp-json\/wp\/v2\/types\/post"}],"author":[{"embeddable":true,"href":"https:\/\/meier-gerdingh.de\/wp-spd-ob\/wp-json\/wp\/v2\/users\/1"}],"replies":[{"embeddable":true,"href":"https:\/\/meier-gerdingh.de\/wp-spd-ob\/wp-json\/wp\/v2\/comments?post=56"}],"version-history":[{"count":0,"href":"https:\/\/meier-gerdingh.de\/wp-spd-ob\/wp-json\/wp\/v2\/posts\/56\/revisions"}],"wp:attachment":[{"href":"https:\/\/meier-gerdingh.de\/wp-spd-ob\/wp-json\/wp\/v2\/media?parent=56"}],"wp:term":[{"taxonomy":"category","embeddable":true,"href":"https:\/\/meier-gerdingh.de\/wp-spd-ob\/wp-json\/wp\/v2\/categories?post=56"},{"taxonomy":"post_tag","embeddable":true,"href":"https:\/\/meier-gerdingh.de\/wp-spd-ob\/wp-json\/wp\/v2\/tags?post=56"},{"taxonomy":"quellen","embeddable":true,"href":"https:\/\/meier-gerdingh.de\/wp-spd-ob\/wp-json\/wp\/v2\/quellen?post=56"}],"curies":[{"name":"wp","href":"https:\/\/api.w.org\/{rel}","templated":true}]}}