{"id":560,"date":"2007-02-20T17:00:00","date_gmt":"2007-02-20T15:00:00","guid":{"rendered":"http:\/\/www.meier-gerdingh.de\/spd-oberhausen\/wp\/?p=560"},"modified":"2017-05-14T15:31:29","modified_gmt":"2017-05-14T13:31:29","slug":"dirk-voepel-als-vorsitzender-bestaetigt","status":"publish","type":"post","link":"https:\/\/meier-gerdingh.de\/wp-spd-ob\/2007\/02\/20\/dirk-voepel-als-vorsitzender-bestaetigt\/","title":{"rendered":"Dirk V\u00f6pel als Vorsitzender best\u00e4tigt"},"content":{"rendered":"<div style=\"width: 150px\" class=\"wp-caption alignleft\"><a href=\"http:\/\/meier-gerdingh.de\/wp-spd-ob\/wp-content\/uploads\/voepel_dirk.jpg\"><img decoding=\"async\" class=\"size-full\" src=\"http:\/\/meier-gerdingh.de\/wp-spd-ob\/wp-content\/uploads\/voepel_dirk.jpg\" alt=\"Eindrucksvoll wiedergew\u00e4hlt als Vorsitzender des SPD-Ortsvereins Oberhausen-West: Dirk V\u00f6pel\" width=\"140\" height=\"191\" \/><\/a><p class=\"wp-caption-text\">Eindrucksvoll wiedergew\u00e4hlt als Vorsitzender des SPD-Ortsvereins Oberhausen-West: Dirk V\u00f6pel<\/p><\/div>\n<p>Mit Sorge blickte Dirk V\u00f6pel, Vorsitzender des SPD Ortsvereins Oberhausen-West, auf die zuk\u00fcnftige Entwicklung des Projektes &#8222;Lirich &#8211; Soziale Stadt&#8220;. Auf der Jahreshauptversammlung des Ortsvereins kritisierte er die K\u00fcrzungen der Landesmittel durch die CDU\/FDP Landesregierung, die den Fortbestand gef\u00e4hrdeten. &#8222;Und dabei zeigt sich gerade hier bei all dem Engagement der Liricher Gesch\u00e4ftsleute, der Vereine und der B\u00fcrger, wie sinnvoll dieses Projekt ist&#8220;, so Dirk V\u00f6pel. Die positiven Ans\u00e4tze in der Entwicklung dieses Stadtteils gelte es weiterhin zu unterst\u00fctzen. &#8222;Alles, was im engen Rahmen unser M\u00f6glichkeiten machbar ist, muss umgesetzt werden&#8220;, unterstrich Dirk V\u00f6pel.<!--more--><\/p>\n<p>Weniger sorgenvoll dagegen der Blick auf Alstaden. Hier sei die Schlie\u00dfung des Alstadener Friedhofes verhindert worden. Bauvorhaben wie der Rolandshof verdeutlichten die Attraktivit\u00e4t dieses Stadtteils.<\/p>\n<p>Bei den anschlie\u00dfenden Wahlen wurde Dirk V\u00f6pel mit deutlicher Mehrheit als Vorsitzender wiedergew\u00e4hlt. Als seine Stellvertreter wurden Sonja Bongers und Josef Loege gew\u00e4hlt. Schriftf\u00fchrer wurden Kirsten Oberste-Kleinbeck und Detlef Schneider. Ebenfalls im Amt best\u00e4tigt wurden Monika Schulz und Uwe Grotthaus als Kassierer und Ulrich Otto als Pressesprecher.<\/p>\n<p>Komplettiert wird der Vorstand durch die zehn Beisitzer Heinz-Werner Bruns, Rene Derksen, J\u00fcrgen Grefermann, Wolfgang Grotthaus, Sandra Jungmaier, Peter Klunk, Angelika Krietemeyer, Gerd Maxein, Ingrid Raspel und Gerold St\u00f6ck.<\/p>\n<p>Als Delegierte f\u00fcr den Unterbezirksparteitag der SPD in Oberhausen wurden gew\u00e4hlt: Werner Baumann, Sonja Bongers, Heinz-Werner Bruns, Ingrid Burke-Hastenpflug, Britta Costecki, Rene Derksen, Joachim F\u00fcrth, J\u00fcrgen Grefermann, Uwe Grotthaus, Wolfgang Grotthaus, Sandra Jungmaier, Peter Klunk, Angelika Krietemeyer, Josef Loege, Gerd Maxein, Torsten Meier, Kirsten Oberste-Kleinbeck, Ulrich Otto, Ingrid Raspel, Dagmar R\u00fcdel, Detlef Schneider, Monika Schulz, Gerold St\u00f6ck, Doris Stoltenberg, J\u00f6rg Strathmann und Dirk V\u00f6pel.<\/p>\n","protected":false},"excerpt":{"rendered":"<p>Mit Sorge blickte Dirk V\u00f6pel, Vorsitzender des SPD Ortsvereins Oberhausen-West, auf die zuk\u00fcnftige Entwicklung des Projektes &#8222;Lirich &#8211; Soziale Stadt&#8220;. Auf der Jahreshauptversammlung des Ortsvereins kritisierte er die K\u00fcrzungen der&hellip; <\/p>\n","protected":false},"author":1,"featured_media":0,"comment_status":"closed","ping_status":"closed","sticky":false,"template":"","format":"standard","meta":{"footnotes":""},"categories":[1],"tags":[],"quellen":[],"class_list":["post-560","post","type-post","status-publish","format-standard","hentry","category-allgemein"],"_links":{"self":[{"href":"https:\/\/meier-gerdingh.de\/wp-spd-ob\/wp-json\/wp\/v2\/posts\/560","targetHints":{"allow":["GET"]}}],"collection":[{"href":"https:\/\/meier-gerdingh.de\/wp-spd-ob\/wp-json\/wp\/v2\/posts"}],"about":[{"href":"https:\/\/meier-gerdingh.de\/wp-spd-ob\/wp-json\/wp\/v2\/types\/post"}],"author":[{"embeddable":true,"href":"https:\/\/meier-gerdingh.de\/wp-spd-ob\/wp-json\/wp\/v2\/users\/1"}],"replies":[{"embeddable":true,"href":"https:\/\/meier-gerdingh.de\/wp-spd-ob\/wp-json\/wp\/v2\/comments?post=560"}],"version-history":[{"count":0,"href":"https:\/\/meier-gerdingh.de\/wp-spd-ob\/wp-json\/wp\/v2\/posts\/560\/revisions"}],"wp:attachment":[{"href":"https:\/\/meier-gerdingh.de\/wp-spd-ob\/wp-json\/wp\/v2\/media?parent=560"}],"wp:term":[{"taxonomy":"category","embeddable":true,"href":"https:\/\/meier-gerdingh.de\/wp-spd-ob\/wp-json\/wp\/v2\/categories?post=560"},{"taxonomy":"post_tag","embeddable":true,"href":"https:\/\/meier-gerdingh.de\/wp-spd-ob\/wp-json\/wp\/v2\/tags?post=560"},{"taxonomy":"quellen","embeddable":true,"href":"https:\/\/meier-gerdingh.de\/wp-spd-ob\/wp-json\/wp\/v2\/quellen?post=560"}],"curies":[{"name":"wp","href":"https:\/\/api.w.org\/{rel}","templated":true}]}}