{"id":5604,"date":"2018-10-19T16:44:43","date_gmt":"2018-10-19T14:44:43","guid":{"rendered":"https:\/\/meier-gerdingh.de\/wp-spd-ob\/?p=5604"},"modified":"2018-10-19T16:44:43","modified_gmt":"2018-10-19T14:44:43","slug":"gerechte-finanzierung-der-krankenkassenbeitraege-paritaet-kommt","status":"publish","type":"post","link":"https:\/\/meier-gerdingh.de\/wp-spd-ob\/2018\/10\/19\/gerechte-finanzierung-der-krankenkassenbeitraege-paritaet-kommt\/","title":{"rendered":"Gerechte Finanzierung der Krankenkassenbeitr\u00e4ge &#8211; Parit\u00e4t kommt"},"content":{"rendered":"<p><a href=\"https:\/\/meier-gerdingh.de\/wp-spd-ob\/wp-content\/uploads\/2018\/10\/banner-halbe-halbe-gkv.png\"><img decoding=\"async\" class=\"aligncenter size-full wp-image-5603\" src=\"https:\/\/meier-gerdingh.de\/wp-spd-ob\/wp-content\/uploads\/2018\/10\/banner-halbe-halbe-gkv.png\" alt=\"\" width=\"750\" height=\"397\" srcset=\"https:\/\/meier-gerdingh.de\/wp-spd-ob\/wp-content\/uploads\/2018\/10\/banner-halbe-halbe-gkv.png 750w, https:\/\/meier-gerdingh.de\/wp-spd-ob\/wp-content\/uploads\/2018\/10\/banner-halbe-halbe-gkv-300x159.png 300w\" sizes=\"(max-width: 750px) 100vw, 750px\" \/><\/a><\/p>\n<div id=\"attachment_1681\" style=\"width: 150px\" class=\"wp-caption alignleft\"><a href=\"https:\/\/meier-gerdingh.de\/wp-spd-ob\/wp-content\/uploads\/voepel_dirk_mdb.jpg\"><img aria-describedby=\"caption-attachment-1681\" decoding=\"async\" class=\"size-full wp-image-1681\" src=\"https:\/\/meier-gerdingh.de\/wp-spd-ob\/wp-content\/uploads\/voepel_dirk_mdb.jpg\" alt=\"\" width=\"140\" height=\"180\" \/><\/a><p id=\"caption-attachment-1681\" class=\"wp-caption-text\">Dirk V\u00f6pel ist Bundestagsabgeordneter f\u00fcr Oberhausen und Dinslaken und Vorsitzender der Oberhausener SPD<\/p><\/div>\n<p>Der Bundestag hat gestern in 2. und 3. Lesung das GKV-Versicherentlastungsgesetz verabschiedet. Damit l\u00f6sen wir ein Versprechen ein, das wir unseren W\u00e4hlerinnen und W\u00e4hlern gegeben haben. Ab dem 1.1.2019 werden die Beitr\u00e4ge zur gesetzlichen Krankenversicherung wieder zu gleichen Teilen von den Arbeitgebern bzw. der Rentenversicherung und Arbeitnehmern bzw. Rentnern getragen. Das gilt auch f\u00fcr den kassenindividuellen Zusatzbeitrag.<\/p>\n<p>&#8222;Mit der Wiedereinf\u00fchrung der Parit\u00e4t werden Arbeitnehmerinnen und Arbeitnehmer sowie Rentnerinnen und Rentner bei den Krankenversicherungsbeitr\u00e4gen um rund 8 Mrd. Euro entlastet und Arbeitgeber bzw. die Rentenversicherung an k\u00fcnftigen Kostensteigerungen im Gesundheitswesen gleicherma\u00dfen beteiligt&#8220;, so Dirk V\u00f6pel, Bundestagsbageordneter f\u00fcr Oberhausen und Dinslaken. &#8222;Wir setzen mit dem Versichertenentlastungsgesetz sozialdemokratische Gesundheitspolitik um und sorgen f\u00fcr mehr Beitragsgerechtigkeit bei der Finanzierung der gesetzlichen Krankenversicherung.&#8220;<!--more--><\/p>\n<p>Ein Arbeitnehmer spare so beispielsweise bei einem Monatseinkommen von 2.500 euro brutto allein schon bei den Krankenkassenbeitr\u00e4gen je nach Krankenkasse um die 165 Euro j\u00e4hrlich.<\/p>\n<p><strong>Entlastung f\u00fcr Selbst\u00e4ndige in der GKV<\/strong><\/p>\n<p>In den parlamentarischen Verhandlungen ist es der SPD zudem gelungen, weitere Verbesserungen f\u00fcr Selbstst\u00e4ndige zu erwirken.<\/p>\n<p>&#8222;Die Mindestbemessungsgrundlage f\u00fcr hauptberuflich Selbstst\u00e4ndige wird ab kommendem Jahr an die Beitragsbemessungsgrundlage von freiwillig Versicherten innerhalb der GKV angepasst. Selbstst\u00e4ndige mit geringen Einnahmen m\u00fcssen daher zuk\u00fcnftig nur noch halb so hohe Krankenkassenbeitr\u00e4ge zahlen wie bisher.&#8220; Das bedeutet ab dem 1. Januar 2019 betr\u00e4gt der monatliche Mindestbeitrag nur noch 161 Euro statt 342 Euro.<\/p>\n<p>Dar\u00fcber hinaus wird die ungerechte Verbeitragungspraxis eines fiktiven Mindesteinkommens w\u00e4hrend des Bezuges von Krankengeld oder Mutterschaftsgeld beendet.<\/p>\n<p>&#8222;Das sind sozialpolitische Erfolge, die sich finanziell bei den Betroffenen bemerkbar machen werden&#8220;, bewertet Dirk V\u00f6pel die Verbesserungen im GKV-VEG.<\/p>\n","protected":false},"excerpt":{"rendered":"<p>Der Bundestag hat gestern in 2. und 3. Lesung das GKV-Versicherentlastungsgesetz verabschiedet. Damit l\u00f6sen wir ein Versprechen ein, das wir unseren W\u00e4hlerinnen und W\u00e4hlern gegeben haben. Ab dem 1.1.2019 werden&hellip; <\/p>\n","protected":false},"author":1,"featured_media":0,"comment_status":"closed","ping_status":"closed","sticky":false,"template":"","format":"standard","meta":{"footnotes":""},"categories":[297],"tags":[1683,1682,1681,1685,1684,1680],"quellen":[330],"class_list":["post-5604","post","type-post","status-publish","format-standard","hentry","category-gesundheit","tag-beitragsparitaet","tag-gesetzliche-krankenversicherung","tag-gkv","tag-krankenkassenbeitraege","tag-selbststaendige","tag-versichertenentlastungsgesetz","quellen-mdb-dirk-voepel"],"_links":{"self":[{"href":"https:\/\/meier-gerdingh.de\/wp-spd-ob\/wp-json\/wp\/v2\/posts\/5604","targetHints":{"allow":["GET"]}}],"collection":[{"href":"https:\/\/meier-gerdingh.de\/wp-spd-ob\/wp-json\/wp\/v2\/posts"}],"about":[{"href":"https:\/\/meier-gerdingh.de\/wp-spd-ob\/wp-json\/wp\/v2\/types\/post"}],"author":[{"embeddable":true,"href":"https:\/\/meier-gerdingh.de\/wp-spd-ob\/wp-json\/wp\/v2\/users\/1"}],"replies":[{"embeddable":true,"href":"https:\/\/meier-gerdingh.de\/wp-spd-ob\/wp-json\/wp\/v2\/comments?post=5604"}],"version-history":[{"count":0,"href":"https:\/\/meier-gerdingh.de\/wp-spd-ob\/wp-json\/wp\/v2\/posts\/5604\/revisions"}],"wp:attachment":[{"href":"https:\/\/meier-gerdingh.de\/wp-spd-ob\/wp-json\/wp\/v2\/media?parent=5604"}],"wp:term":[{"taxonomy":"category","embeddable":true,"href":"https:\/\/meier-gerdingh.de\/wp-spd-ob\/wp-json\/wp\/v2\/categories?post=5604"},{"taxonomy":"post_tag","embeddable":true,"href":"https:\/\/meier-gerdingh.de\/wp-spd-ob\/wp-json\/wp\/v2\/tags?post=5604"},{"taxonomy":"quellen","embeddable":true,"href":"https:\/\/meier-gerdingh.de\/wp-spd-ob\/wp-json\/wp\/v2\/quellen?post=5604"}],"curies":[{"name":"wp","href":"https:\/\/api.w.org\/{rel}","templated":true}]}}