{"id":564,"date":"2007-02-23T17:00:00","date_gmt":"2007-02-23T15:00:00","guid":{"rendered":"http:\/\/www.meier-gerdingh.de\/spd-oberhausen\/wp\/?p=564"},"modified":"2017-05-14T15:31:03","modified_gmt":"2017-05-14T13:31:03","slug":"wahlen-standen-im-vordergrund","status":"publish","type":"post","link":"https:\/\/meier-gerdingh.de\/wp-spd-ob\/2007\/02\/23\/wahlen-standen-im-vordergrund\/","title":{"rendered":"Wahlen standen im Vordergrund"},"content":{"rendered":"<div style=\"width: 150px\" class=\"wp-caption alignleft\"><a href=\"http:\/\/meier-gerdingh.de\/wp-spd-ob\/wp-content\/uploads\/disselmeyer_thomas.jpg\"><img decoding=\"async\" class=\"size-full\" src=\"http:\/\/meier-gerdingh.de\/wp-spd-ob\/wp-content\/uploads\/disselmeyer_thomas.jpg\" alt=\"Thomas Di\u00dfelmeyer: Vorsitzender des SPD-Ortsvereins Oberhausen-Mitte\" width=\"140\" height=\"191\" \/><\/a><p class=\"wp-caption-text\">Thomas Di\u00dfelmeyer: Vorsitzender des SPD-Ortsvereins Oberhausen-Mitte<\/p><\/div>\n<p>Am 22.02.2007 f\u00fchrte der Ortsverein Oberhausen-Mitte der SPD in der AWO-Begegnungsst\u00e4tte seine diesj\u00e4hrige Jahreshauptversammlung durch. Der Vorsitzende des Ortsvereins, Thomas Di\u00dfelmeyer, begr\u00fc\u00dfte zun\u00e4chst die knapp 50 erschienenen Mitglieder. Ihnen wurde ein ausf\u00fchrlicher T\u00e4tigkeitsbericht f\u00fcr die Jahre 2005\/2006 vorgelegt. Thomas Di\u00dfelmeyer legte dar, dass im Jahre 2006 nach den Wahljahren wieder die Entwicklung der Innenstadt und der Masterplanprozess im Vordergrund der Arbeit standen. Dieser Prozess wird weiter begleitet, wobei Di\u00dfelmeyer deutlich machte, dass der F\u00fchrungsanspruch dieses Ortsvereins in Sachen &#8222;Interessenvertretung der Innenstadt&#8220; weiterhin geltend gemacht wird.<!--more--><\/p>\n<p>In den weiteren Berichten wurde leider deutlich, dass auch dieser Ortsverein mit einem leichten Mitgliederr\u00fcckgang zu k\u00e4mpfen hat. Erfreulich dagegen war die Tatsache, dass sich jetzt wieder eine Juso-AG des Ortsvereins gegr\u00fcndet hat. Demnach besteht die begr\u00fcndete Hoffnung, so der Ortsvereinsvorsitzende, dass zuk\u00fcnftig f\u00fcr die politische Arbeit wieder Nachwuchs heranw\u00e4chst.<\/p>\n<p>Bei den anschlie\u00dfenden Wahlen gab es keine \u00dcberraschungen, alle Kandidatinnen und Kandidaten wurden jeweils mit gro\u00dfer Mehrheit bzw. einstimmig gew\u00e4hlt.<\/p>\n<p>Als Vorsitzender des Ortsvereins wurde Thomas Di\u00dfelmeyer wieder gew\u00e4hlt. Als stellvertretende Vorsitzende wurde Angelika J\u00e4ntsch best\u00e4tigt. Neuer stellvertretender Vorsitzender ist Giuseppe Caico, der f\u00fcr Christiane Gerster-Schmidt nachr\u00fcckte. Diese hatte aus pers\u00f6nlichen Gr\u00fcnden auf eine neue Kandidatur verzichtet.<\/p>\n<p>Bei den beiden Gesch\u00e4ftsf\u00fchrern gab es ebenfalls eine \u00c4nderung. Neben Klaus Kleine-Vogelpoth agiert dort zuk\u00fcnftig Torsten Toschka, der f\u00fcr Egon Look nachr\u00fcckte. Auch er hatte auf eine erneute Kandidatur verzichtet.<\/p>\n<p>Die Kassierung wird zuk\u00fcnftig von Carlo Caico, Gabriele Hopff und Andrea Samotta erledigt, die Torsten Toschka ersetzte.<\/p>\n<p>F\u00fcr die Internet- und \u00d6ffentlichkeitsarbeit ist weiterhin J\u00fcrgen Ludwiczak zust\u00e4ndig, der wiedergew\u00e4hlt wurde. Letztendlich wurde auch Dietmar Caico als Organisationsbeauftragter best\u00e4tigt.<\/p>\n<p>Der Vorstand wird erg\u00e4nzt durch die Beisitzer Andre auf der Heiden, Nagihan Erdas, Christiane Gerster-Schmidt, Imke Halbauer, Gisela Menzler, Alfred R\u00f6der, Hartmut Schmidt, Andreas Schr\u00f6der und Martina Stache.<\/p>\n<p>Weiterhin waren 20 Delegierte f\u00fcr die Unterbezirksparteitage zu w\u00e4hlen. Der Ortsverein wird dort zuk\u00fcnftig von folgenden Genossinnen und Genossen vertreten: Thomas Di\u00dfelmeyer, Hartmut Schmidt, Angelika J\u00e4ntsch, J\u00fcrgen Ludwiczak, Klaus Kleine-Vogelpoth, Christiane Gerster-Schmidt, Gisela Menzler, Carlo Caico, Lothar Gr\u00fcll, Alfred R\u00f6der, Dietmar Caico, Guiseppe Caico, Andre auf der Heiden, Imke Halbauer, Hans-Georg Leinweber, Ercan Telli, Gabi Hopff, Andrea Samotta, Andrea St\u00f6hr und Martina Stache.<\/p>\n","protected":false},"excerpt":{"rendered":"<p>Am 22.02.2007 f\u00fchrte der Ortsverein Oberhausen-Mitte der SPD in der AWO-Begegnungsst\u00e4tte seine diesj\u00e4hrige Jahreshauptversammlung durch. Der Vorsitzende des Ortsvereins, Thomas Di\u00dfelmeyer, begr\u00fc\u00dfte zun\u00e4chst die knapp 50 erschienenen Mitglieder. Ihnen wurde&hellip; <\/p>\n","protected":false},"author":1,"featured_media":0,"comment_status":"closed","ping_status":"closed","sticky":false,"template":"","format":"standard","meta":{"footnotes":""},"categories":[1],"tags":[],"quellen":[],"class_list":["post-564","post","type-post","status-publish","format-standard","hentry","category-allgemein"],"_links":{"self":[{"href":"https:\/\/meier-gerdingh.de\/wp-spd-ob\/wp-json\/wp\/v2\/posts\/564","targetHints":{"allow":["GET"]}}],"collection":[{"href":"https:\/\/meier-gerdingh.de\/wp-spd-ob\/wp-json\/wp\/v2\/posts"}],"about":[{"href":"https:\/\/meier-gerdingh.de\/wp-spd-ob\/wp-json\/wp\/v2\/types\/post"}],"author":[{"embeddable":true,"href":"https:\/\/meier-gerdingh.de\/wp-spd-ob\/wp-json\/wp\/v2\/users\/1"}],"replies":[{"embeddable":true,"href":"https:\/\/meier-gerdingh.de\/wp-spd-ob\/wp-json\/wp\/v2\/comments?post=564"}],"version-history":[{"count":0,"href":"https:\/\/meier-gerdingh.de\/wp-spd-ob\/wp-json\/wp\/v2\/posts\/564\/revisions"}],"wp:attachment":[{"href":"https:\/\/meier-gerdingh.de\/wp-spd-ob\/wp-json\/wp\/v2\/media?parent=564"}],"wp:term":[{"taxonomy":"category","embeddable":true,"href":"https:\/\/meier-gerdingh.de\/wp-spd-ob\/wp-json\/wp\/v2\/categories?post=564"},{"taxonomy":"post_tag","embeddable":true,"href":"https:\/\/meier-gerdingh.de\/wp-spd-ob\/wp-json\/wp\/v2\/tags?post=564"},{"taxonomy":"quellen","embeddable":true,"href":"https:\/\/meier-gerdingh.de\/wp-spd-ob\/wp-json\/wp\/v2\/quellen?post=564"}],"curies":[{"name":"wp","href":"https:\/\/api.w.org\/{rel}","templated":true}]}}