{"id":566,"date":"2007-02-28T17:00:00","date_gmt":"2007-02-28T15:00:00","guid":{"rendered":"http:\/\/www.meier-gerdingh.de\/spd-oberhausen\/wp\/?p=566"},"modified":"2017-05-14T15:30:35","modified_gmt":"2017-05-14T13:30:35","slug":"regeln-ja-formalismus-nein","status":"publish","type":"post","link":"https:\/\/meier-gerdingh.de\/wp-spd-ob\/2007\/02\/28\/regeln-ja-formalismus-nein\/","title":{"rendered":"Regeln ja, Formalismus nein"},"content":{"rendered":"<div style=\"width: 150px\" class=\"wp-caption alignleft\"><a href=\"http:\/\/meier-gerdingh.de\/wp-spd-ob\/wp-content\/uploads\/flore_manfred.jpg\"><img decoding=\"async\" class=\"size-full\" src=\"http:\/\/meier-gerdingh.de\/wp-spd-ob\/wp-content\/uploads\/flore_manfred.jpg\" alt=\"Manfred Flore ist kulturpolitischer Sprecher der SPD-Ratsfraktion\" width=\"140\" height=\"191\" \/><\/a><p class=\"wp-caption-text\">Manfred Flore ist kulturpolitischer Sprecher der SPD-Ratsfraktion<\/p><\/div>\n<p>Als formalistisch und wenig hilfreich bezeichnet der kulturpolitische Sprecher der SPD-Fraktion Manfred Flore die j\u00fcngste Kritik der Linken Liste an der Vergabe von Finanzmitteln f\u00fcr Projekte der freien Kulturtr\u00e4ger in Oberhausen. &#8222;F\u00fcr die SPD-Fraktion steht fest, dass die freien Tr\u00e4ger seit Jahren eine hervorragende Arbeit leisten und ganz wesentlich zur kulturellen Vielfalt unserer Stadt beitragen. Sie k\u00f6nnen deshalb auch in Zukunft mit der Unterst\u00fctzung des Kulturausschusses rechnen&#8220;, so Manfred Flore w\u00f6rtlich.<!--more--><\/p>\n<p>Dabei sei es selbstverst\u00e4ndlich, dass die von den Tr\u00e4gern gestellten Zuschussantr\u00e4ge nicht nur inhaltlich \u00fcberzeugen, sondern auch gewissen Mindestanforderungen in formaler Hinsicht gen\u00fcgen m\u00fcssten. Von einer Regelf\u00f6rderung allein aus Tradition k\u00f6nne \u00fcberhaupt keine Rede sein. Jeder Antragsteller habe eine konkrete Beschreibung der zu unterst\u00fctzenden Projekte sowie eine nachvollziehbare Kostenaufstellung vorzulegen. Anschlie\u00dfend erfolge eine sorgf\u00e4ltige Vorpr\u00fcfung durch das Kulturb\u00fcro.<\/p>\n<p>Flore versichert abschlie\u00dfend, dass die SPD-Fraktion im Kulturausschuss wie bisher die F\u00f6rderw\u00fcrdigkeit jedes einzelnen Projektes unvoreingenommen und objektiv pr\u00fcfen werde: &#8222;Die etablierten, aber auch neue Kulturanbieter d\u00fcrfen davon ausgehen, dass sie nach M\u00f6glichkeit und im Rahmen der knappen Mittel dabei ber\u00fccksichtigt werden.&#8220;<\/p>\n","protected":false},"excerpt":{"rendered":"<p>Als formalistisch und wenig hilfreich bezeichnet der kulturpolitische Sprecher der SPD-Fraktion Manfred Flore die j\u00fcngste Kritik der Linken Liste an der Vergabe von Finanzmitteln f\u00fcr Projekte der freien Kulturtr\u00e4ger in&hellip; <\/p>\n","protected":false},"author":1,"featured_media":0,"comment_status":"closed","ping_status":"closed","sticky":false,"template":"","format":"standard","meta":{"footnotes":""},"categories":[1],"tags":[],"quellen":[],"class_list":["post-566","post","type-post","status-publish","format-standard","hentry","category-allgemein"],"_links":{"self":[{"href":"https:\/\/meier-gerdingh.de\/wp-spd-ob\/wp-json\/wp\/v2\/posts\/566","targetHints":{"allow":["GET"]}}],"collection":[{"href":"https:\/\/meier-gerdingh.de\/wp-spd-ob\/wp-json\/wp\/v2\/posts"}],"about":[{"href":"https:\/\/meier-gerdingh.de\/wp-spd-ob\/wp-json\/wp\/v2\/types\/post"}],"author":[{"embeddable":true,"href":"https:\/\/meier-gerdingh.de\/wp-spd-ob\/wp-json\/wp\/v2\/users\/1"}],"replies":[{"embeddable":true,"href":"https:\/\/meier-gerdingh.de\/wp-spd-ob\/wp-json\/wp\/v2\/comments?post=566"}],"version-history":[{"count":0,"href":"https:\/\/meier-gerdingh.de\/wp-spd-ob\/wp-json\/wp\/v2\/posts\/566\/revisions"}],"wp:attachment":[{"href":"https:\/\/meier-gerdingh.de\/wp-spd-ob\/wp-json\/wp\/v2\/media?parent=566"}],"wp:term":[{"taxonomy":"category","embeddable":true,"href":"https:\/\/meier-gerdingh.de\/wp-spd-ob\/wp-json\/wp\/v2\/categories?post=566"},{"taxonomy":"post_tag","embeddable":true,"href":"https:\/\/meier-gerdingh.de\/wp-spd-ob\/wp-json\/wp\/v2\/tags?post=566"},{"taxonomy":"quellen","embeddable":true,"href":"https:\/\/meier-gerdingh.de\/wp-spd-ob\/wp-json\/wp\/v2\/quellen?post=566"}],"curies":[{"name":"wp","href":"https:\/\/api.w.org\/{rel}","templated":true}]}}