{"id":567,"date":"2007-03-07T17:00:00","date_gmt":"2007-03-07T15:00:00","guid":{"rendered":"http:\/\/www.meier-gerdingh.de\/spd-oberhausen\/wp\/?p=567"},"modified":"2017-05-14T15:30:27","modified_gmt":"2017-05-14T13:30:27","slug":"biologische-station-in-oberhausen-erhalten","status":"publish","type":"post","link":"https:\/\/meier-gerdingh.de\/wp-spd-ob\/2007\/03\/07\/biologische-station-in-oberhausen-erhalten\/","title":{"rendered":"Biologische Station in Oberhausen erhalten"},"content":{"rendered":"<div style=\"width: 150px\" class=\"wp-caption alignleft\"><a href=\"http:\/\/meier-gerdingh.de\/wp-spd-ob\/wp-content\/uploads\/janssen_anne.jpg\"><img decoding=\"async\" class=\"size-full\" src=\"http:\/\/meier-gerdingh.de\/wp-spd-ob\/wp-content\/uploads\/janssen_anne.jpg\" alt=\"Anne Jan\u00dfen ist stellvertretende Vorsitzende der SPD-Fraktion und Leiterin des AK Umwelt\" width=\"140\" height=\"191\" \/><\/a><p class=\"wp-caption-text\">Anne Jan\u00dfen ist stellvertretende Vorsitzende der SPD-Fraktion und Leiterin des AK Umwelt<\/p><\/div>\n<p>Dass Biologische Stationen in NRW einen wichtigen Beitrag zum Natur- und Umweltschutz sowie zur Umweltbildung leisten, bewahrt sie nicht vor aktuellen \u00dcberlegungen der CDU\/FDP-gef\u00fchrten Landesregierungen, Standorte und Zusch\u00fcsse drastisch zu reduzieren. Auch Oberhausen w\u00e4re ganz konkret von Landesk\u00fcrzungen betroffen, da mit der Biologischen Station Westliches-Ruhrgebiet im Haus Ripshorst seit 2003 bekannterma\u00dfen eine von landesweit 41 Einrichtungen in unserer Stadt etabliert ist.<!--more--><\/p>\n<p>Es kann und darf nicht sein, so die SPD-Arbeitskreisleiterin Umwelt, Anne Jan\u00dfen, &#8222;dass die Biologische Station in Oberhausen, die mehr als 3.000 ha Schutzgebiete, darunter 3 wichtige FFH-Gebiete mit \u00fcber 1.000 ha in einer ehemaligen industriellen Kernregion, betreut, dem Rotstift der Landesregierung zum Opfer fallen soll.&#8220; Vor diesem Hintergrund wollen die Sozialdemokraten eine Sachstandsberichterstattung der Verwaltung zur n\u00e4chsten Sitzung des Umweltausschusses am 15. M\u00e4rz auch dazu nutzen, einen \u00fcberparteilich getragenen Appell an den Landtag zu richten: Notwendige F\u00f6rdermittel sollten mittelfristig verbindlich im Landeshaushalt bereitgestellt werden.<\/p>\n","protected":false},"excerpt":{"rendered":"<p>Dass Biologische Stationen in NRW einen wichtigen Beitrag zum Natur- und Umweltschutz sowie zur Umweltbildung leisten, bewahrt sie nicht vor aktuellen \u00dcberlegungen der CDU\/FDP-gef\u00fchrten Landesregierungen, Standorte und Zusch\u00fcsse drastisch zu&hellip; <\/p>\n","protected":false},"author":1,"featured_media":0,"comment_status":"closed","ping_status":"closed","sticky":false,"template":"","format":"standard","meta":{"footnotes":""},"categories":[1],"tags":[],"quellen":[],"class_list":["post-567","post","type-post","status-publish","format-standard","hentry","category-allgemein"],"_links":{"self":[{"href":"https:\/\/meier-gerdingh.de\/wp-spd-ob\/wp-json\/wp\/v2\/posts\/567","targetHints":{"allow":["GET"]}}],"collection":[{"href":"https:\/\/meier-gerdingh.de\/wp-spd-ob\/wp-json\/wp\/v2\/posts"}],"about":[{"href":"https:\/\/meier-gerdingh.de\/wp-spd-ob\/wp-json\/wp\/v2\/types\/post"}],"author":[{"embeddable":true,"href":"https:\/\/meier-gerdingh.de\/wp-spd-ob\/wp-json\/wp\/v2\/users\/1"}],"replies":[{"embeddable":true,"href":"https:\/\/meier-gerdingh.de\/wp-spd-ob\/wp-json\/wp\/v2\/comments?post=567"}],"version-history":[{"count":0,"href":"https:\/\/meier-gerdingh.de\/wp-spd-ob\/wp-json\/wp\/v2\/posts\/567\/revisions"}],"wp:attachment":[{"href":"https:\/\/meier-gerdingh.de\/wp-spd-ob\/wp-json\/wp\/v2\/media?parent=567"}],"wp:term":[{"taxonomy":"category","embeddable":true,"href":"https:\/\/meier-gerdingh.de\/wp-spd-ob\/wp-json\/wp\/v2\/categories?post=567"},{"taxonomy":"post_tag","embeddable":true,"href":"https:\/\/meier-gerdingh.de\/wp-spd-ob\/wp-json\/wp\/v2\/tags?post=567"},{"taxonomy":"quellen","embeddable":true,"href":"https:\/\/meier-gerdingh.de\/wp-spd-ob\/wp-json\/wp\/v2\/quellen?post=567"}],"curies":[{"name":"wp","href":"https:\/\/api.w.org\/{rel}","templated":true}]}}