{"id":569,"date":"2007-03-15T17:00:00","date_gmt":"2007-03-15T15:00:00","guid":{"rendered":"http:\/\/www.meier-gerdingh.de\/spd-oberhausen\/wp\/?p=569"},"modified":"2017-05-14T15:29:39","modified_gmt":"2017-05-14T13:29:39","slug":"hannelore-kraft-kommt-zum-ub-parteitag","status":"publish","type":"post","link":"https:\/\/meier-gerdingh.de\/wp-spd-ob\/2007\/03\/15\/hannelore-kraft-kommt-zum-ub-parteitag\/","title":{"rendered":"Hannelore Kraft kommt zum UB-Parteitag"},"content":{"rendered":"<div style=\"width: 150px\" class=\"wp-caption alignleft\"><a href=\"http:\/\/meier-gerdingh.de\/wp-spd-ob\/wp-content\/uploads\/kraft_hannelore.jpg\"><img decoding=\"async\" class=\"size-full\" src=\"http:\/\/meier-gerdingh.de\/wp-spd-ob\/wp-content\/uploads\/kraft_hannelore.jpg\" alt=\"Hannelore Kraft: Vorsitzende der NRWSPD und der SPD-Landtagsfraktion\" width=\"140\" height=\"182\" \/><\/a><p class=\"wp-caption-text\">Hannelore Kraft: Vorsitzende der NRWSPD und der SPD-Landtagsfraktion<\/p><\/div>\n<p>Die Oberhausener Sozialdemokraten freuen sich, die neue Vorsitzende der NRWSPD Hannelore Kraft als Hauptrednerin auf ihrem n\u00e4chsten UB-Parteitag am kommenden Montag in der Luise-Albertz-Halle begr\u00fc\u00dfen zu k\u00f6nnen. Hannelore Kraft wird ein Referat zum Thema &#8222;Zusammen neue Chancen schaffen&#8220; halten. Die Delegierten des UB-Parteitages w\u00e4hlen nach dem Referat und der Aussprache mit Hannelore Kraft noch Delegierte f\u00fcr den Bundes- und Landesparteitag sowie f\u00fcr die Regionalkonferenzen und den Landesparteirat.<!--more--><\/p>\n<p>Vorl\u00e4ufige <b>Tagesordnung<\/b>:<\/p>\n<p><b>Pr\u00e4sidium:<\/b> Ortsverein Alsfeld-Holten<\/p>\n<ol class=\"agenda\">\n<li>Er\u00f6ffnung des Parteitages<\/li>\n<li>Konstituierung<br \/>\na) Annahme einer Tagesordnung<br \/>\nb) Annahme einer Gesch\u00e4ftsordnung<br \/>\nc) Wahl einer Versammlungsleitung<br \/>\nd) Wahl einer Mandatspr\u00fcfungskommission<br \/>\ne) Wahl einer Wahlkommission<br \/>\nf) Wahl einer Antragskommission<\/li>\n<li>Genehmigung der Niederschrift des UB-Parteitages vom 23. Oktober 2006<\/li>\n<li>Bericht der Mandatspr\u00fcfungs- und Wahlkommission<\/li>\n<li><b>&#8222;Zusammen neue Chancen schaffen&#8220;<\/b><br \/>\nRede von <b>Hannelore Kraft<\/b><br \/>\n&#8211; Vorsitzende der NRWSPD &#8211;<\/li>\n<li>Aussprache<\/li>\n<li><b>Wahlen:<\/b><br \/>\n1. Wahl von zwei Delegierten und Ersatzdelegierten zum Bundesparteitag<br \/>\n2. Wahl von zwei Delegierten und Ersatzdelegierten f\u00fcr den Landesparteirat der NRWSPD<br \/>\n3. Wahl von voraussichtlich sieben Delegierten und Ersatzdelegierten zum Landesparteitag<br \/>\n4. Wahl von voraussichtlich sieben Delegierten und Ersatzdelegierten zu den Regionalkonferenzen<\/li>\n<li>Beratung von Antr\u00e4gen, soweit sie nicht unter den bisherigen Punkten 1 bis 7 bereits behandelt worden sind.<\/li>\n<li>Abschluss des Unterbezirksparteitages<\/li>\n<\/ol>\n","protected":false},"excerpt":{"rendered":"<p>Die Oberhausener Sozialdemokraten freuen sich, die neue Vorsitzende der NRWSPD Hannelore Kraft als Hauptrednerin auf ihrem n\u00e4chsten UB-Parteitag am kommenden Montag in der Luise-Albertz-Halle begr\u00fc\u00dfen zu k\u00f6nnen. Hannelore Kraft wird&hellip; <\/p>\n","protected":false},"author":1,"featured_media":0,"comment_status":"closed","ping_status":"closed","sticky":false,"template":"","format":"standard","meta":{"footnotes":""},"categories":[1],"tags":[],"quellen":[],"class_list":["post-569","post","type-post","status-publish","format-standard","hentry","category-allgemein"],"_links":{"self":[{"href":"https:\/\/meier-gerdingh.de\/wp-spd-ob\/wp-json\/wp\/v2\/posts\/569","targetHints":{"allow":["GET"]}}],"collection":[{"href":"https:\/\/meier-gerdingh.de\/wp-spd-ob\/wp-json\/wp\/v2\/posts"}],"about":[{"href":"https:\/\/meier-gerdingh.de\/wp-spd-ob\/wp-json\/wp\/v2\/types\/post"}],"author":[{"embeddable":true,"href":"https:\/\/meier-gerdingh.de\/wp-spd-ob\/wp-json\/wp\/v2\/users\/1"}],"replies":[{"embeddable":true,"href":"https:\/\/meier-gerdingh.de\/wp-spd-ob\/wp-json\/wp\/v2\/comments?post=569"}],"version-history":[{"count":0,"href":"https:\/\/meier-gerdingh.de\/wp-spd-ob\/wp-json\/wp\/v2\/posts\/569\/revisions"}],"wp:attachment":[{"href":"https:\/\/meier-gerdingh.de\/wp-spd-ob\/wp-json\/wp\/v2\/media?parent=569"}],"wp:term":[{"taxonomy":"category","embeddable":true,"href":"https:\/\/meier-gerdingh.de\/wp-spd-ob\/wp-json\/wp\/v2\/categories?post=569"},{"taxonomy":"post_tag","embeddable":true,"href":"https:\/\/meier-gerdingh.de\/wp-spd-ob\/wp-json\/wp\/v2\/tags?post=569"},{"taxonomy":"quellen","embeddable":true,"href":"https:\/\/meier-gerdingh.de\/wp-spd-ob\/wp-json\/wp\/v2\/quellen?post=569"}],"curies":[{"name":"wp","href":"https:\/\/api.w.org\/{rel}","templated":true}]}}