{"id":572,"date":"2007-03-28T16:00:00","date_gmt":"2007-03-28T14:00:00","guid":{"rendered":"http:\/\/www.meier-gerdingh.de\/spd-oberhausen\/wp\/?p=572"},"modified":"2017-05-14T15:28:54","modified_gmt":"2017-05-14T13:28:54","slug":"75000-euro-vom-landschaftsverband-fuer-die-gedenkhalle","status":"publish","type":"post","link":"https:\/\/meier-gerdingh.de\/wp-spd-ob\/2007\/03\/28\/75000-euro-vom-landschaftsverband-fuer-die-gedenkhalle\/","title":{"rendered":"75.000 Euro vom Landschaftsverband f\u00fcr die Gedenkhalle"},"content":{"rendered":"<div style=\"width: 150px\" class=\"wp-caption alignleft\"><a href=\"http:\/\/meier-gerdingh.de\/wp-spd-ob\/wp-content\/uploads\/koesling_klaus.jpg\"><img decoding=\"async\" class=\"size-full\" src=\"http:\/\/meier-gerdingh.de\/wp-spd-ob\/wp-content\/uploads\/koesling_klaus.jpg\" alt=\"Klaus K\u00f6sling ist Stadtverordneter und Mitglied der Landschaftsversammlung Rheinland\" width=\"140\" height=\"191\" \/><\/a><p class=\"wp-caption-text\">Klaus K\u00f6sling ist Stadtverordneter und Mitglied der Landschaftsversammlung Rheinland<\/p><\/div>\n<p>Gro\u00dfer Schritt Richtung Neugestaltung der Gedenkhalle im Oberhausener Schloss: Wie der Stadtverordnete Klaus K\u00f6sling, Mitglied der Landschaftsversammlung Rheinland, berichtet, hat die Projektkommission &#8222;Regionale Kulturf\u00f6rderung&#8220; beim LVR heute entschieden, den Umbau der Gedenkhalle mit 75.000 Euro zu f\u00f6rdern. Die Kommission folgte damit einem entsprechenden Antrag der Stadt.<!--more--><\/p>\n<p>Die Pl\u00e4ne f\u00fcr die Neugestaltung sehen sowohl eine inhaltliche und museumsp\u00e4dagogische Aufwertung als auch die Sanierung der Geb\u00e4udesubstanz vor. Dies sei, so Klaus K\u00f6sling, auch ein willkommenes politisches Signal in einer Zeit, in der rechtsextreme Gruppierungen wieder verst\u00e4rkt in Oberhausen Fu\u00df zu fassen versuchten.<\/p>\n","protected":false},"excerpt":{"rendered":"<p>Gro\u00dfer Schritt Richtung Neugestaltung der Gedenkhalle im Oberhausener Schloss: Wie der Stadtverordnete Klaus K\u00f6sling, Mitglied der Landschaftsversammlung Rheinland, berichtet, hat die Projektkommission &#8222;Regionale Kulturf\u00f6rderung&#8220; beim LVR heute entschieden, den Umbau&hellip; <\/p>\n","protected":false},"author":1,"featured_media":0,"comment_status":"closed","ping_status":"closed","sticky":false,"template":"","format":"standard","meta":{"footnotes":""},"categories":[1],"tags":[],"quellen":[],"class_list":["post-572","post","type-post","status-publish","format-standard","hentry","category-allgemein"],"_links":{"self":[{"href":"https:\/\/meier-gerdingh.de\/wp-spd-ob\/wp-json\/wp\/v2\/posts\/572","targetHints":{"allow":["GET"]}}],"collection":[{"href":"https:\/\/meier-gerdingh.de\/wp-spd-ob\/wp-json\/wp\/v2\/posts"}],"about":[{"href":"https:\/\/meier-gerdingh.de\/wp-spd-ob\/wp-json\/wp\/v2\/types\/post"}],"author":[{"embeddable":true,"href":"https:\/\/meier-gerdingh.de\/wp-spd-ob\/wp-json\/wp\/v2\/users\/1"}],"replies":[{"embeddable":true,"href":"https:\/\/meier-gerdingh.de\/wp-spd-ob\/wp-json\/wp\/v2\/comments?post=572"}],"version-history":[{"count":0,"href":"https:\/\/meier-gerdingh.de\/wp-spd-ob\/wp-json\/wp\/v2\/posts\/572\/revisions"}],"wp:attachment":[{"href":"https:\/\/meier-gerdingh.de\/wp-spd-ob\/wp-json\/wp\/v2\/media?parent=572"}],"wp:term":[{"taxonomy":"category","embeddable":true,"href":"https:\/\/meier-gerdingh.de\/wp-spd-ob\/wp-json\/wp\/v2\/categories?post=572"},{"taxonomy":"post_tag","embeddable":true,"href":"https:\/\/meier-gerdingh.de\/wp-spd-ob\/wp-json\/wp\/v2\/tags?post=572"},{"taxonomy":"quellen","embeddable":true,"href":"https:\/\/meier-gerdingh.de\/wp-spd-ob\/wp-json\/wp\/v2\/quellen?post=572"}],"curies":[{"name":"wp","href":"https:\/\/api.w.org\/{rel}","templated":true}]}}