{"id":573,"date":"2007-04-02T16:00:00","date_gmt":"2007-04-02T14:00:00","guid":{"rendered":"http:\/\/www.meier-gerdingh.de\/spd-oberhausen\/wp\/?p=573"},"modified":"2017-05-14T15:28:43","modified_gmt":"2017-05-14T13:28:43","slug":"osterfelder-spd-wieder-ganz-ohr","status":"publish","type":"post","link":"https:\/\/meier-gerdingh.de\/wp-spd-ob\/2007\/04\/02\/osterfelder-spd-wieder-ganz-ohr\/","title":{"rendered":"Osterfelder SPD wieder ganz Ohr"},"content":{"rendered":"<div style=\"width: 190px\" class=\"wp-caption alignleft\"><a href=\"http:\/\/meier-gerdingh.de\/wp-spd-ob\/wp-content\/uploads\/infostand_ov_osterfeld.jpg\"><img decoding=\"async\" class=\"size-full\" src=\"http:\/\/meier-gerdingh.de\/wp-spd-ob\/wp-content\/uploads\/infostand_ov_osterfeld.jpg\" alt=\"Auf gro\u00dfe Resonanz stie\u00df die B\u00fcrgerbefragung des Ortsvereins Osterfeld\" width=\"180\" height=\"137\" \/><\/a><p class=\"wp-caption-text\">Auf gro\u00dfe Resonanz stie\u00df die B\u00fcrgerbefragung des Ortsvereins Osterfeld<\/p><\/div>\n<p>Die Osterfelder SPD setzte ihre Aktion &#8222;Osterfelder Ohr&#8220; zur Befragung Osterfelder B\u00fcrgerinnen und B\u00fcrger fort. Hierzu f\u00fchrte sie einen Info-Stand beim Osterfelder Markt durch, der auf gro\u00dfes Interesse der Osterfelderinnen und Osterfelder stie\u00df. Im Rahmen des Informationsstandes wurde dargestellt, wie die Anregungen der 2006 durchgef\u00fchrten Umfrageaktion umgesetzt wurden und gleichzeitig neue Frageb\u00f6gen verteilt, um weitere Anregungen aus der B\u00fcrgerschaft zu sammeln. &#8222;Durch die Fragebogenaktion ist es uns gelungen, den Dialog mit den B\u00fcrgerinnen und B\u00fcrgern weiter zu verst\u00e4rken&#8220;, so Karl-Heinz Pflugbeil, der Vorsitzende der Osterfelder SPD.<!--more--><\/p>\n<p>Zahlreiche Hinweise bei der aktuellen Aktion bezogen sich dabei auf das Angebot an Gesch\u00e4ften in Osterfeld. Insbesondere der Zustand des ehemaligen Schuhhauses Erwig stie\u00df auf Kritik.<\/p>\n<p>Schon im letzten Jahr habe es wertvolle Anregungen f\u00fcr die politische Arbeit im Stadtteil gegeben. Verbesserte Angebote f\u00fcr Jugendliche in der Osterfelder Innenstadt und zahlreiche Ma\u00dfnahmen zur Verbesserung der Sauberkeit seien nur einige Beispiele f\u00fcr Ma\u00dfnahmen, die aus der B\u00fcrgerbefragung entwickelt wurden, erl\u00e4utert Anette Wei\u00df, die stellvertretende Vorsitzende der SPD in Osterfeld.<\/p>\n<p>Ziel sei es, im Gespr\u00e4ch mit den B\u00fcrgerinnen und B\u00fcrgern den Stadtteil positiv weiter zu entwickeln, so Pressesprecher Arndt Barkowsky, der sich erfreut dar\u00fcber zeigte, dass sich wieder viele Osterfelderinnen und Osterfelder an der Aktion beteiligten.<br \/>\nDie Frageb\u00f6gen w\u00fcrden nun ausgewertet und anschlie\u00dfend w\u00fcrden aus den Hinweisen konkrete Vorschl\u00e4ge f\u00fcr Ma\u00dfnahmen entwickelt. Diese w\u00fcrden der \u00d6ffentlichkeit wieder vorgestellt und dort diskutiert.<\/p>\n<p>&#8222;Auch wenn nicht alle Anregungen sofort umgesetzt werden k\u00f6nnen, so werden wir sowohl was die Kritik aus dem letzten Jahr angeht als auch bei den neuen Hinweisen auf jeden Fall am Ball bleiben&#8220;, k\u00fcndigte Karl-Heinz Pflugbeil an.<\/p>\n","protected":false},"excerpt":{"rendered":"<p>Die Osterfelder SPD setzte ihre Aktion &#8222;Osterfelder Ohr&#8220; zur Befragung Osterfelder B\u00fcrgerinnen und B\u00fcrger fort. Hierzu f\u00fchrte sie einen Info-Stand beim Osterfelder Markt durch, der auf gro\u00dfes Interesse der Osterfelderinnen&hellip; <\/p>\n","protected":false},"author":1,"featured_media":0,"comment_status":"closed","ping_status":"closed","sticky":false,"template":"","format":"standard","meta":{"footnotes":""},"categories":[1],"tags":[],"quellen":[],"class_list":["post-573","post","type-post","status-publish","format-standard","hentry","category-allgemein"],"_links":{"self":[{"href":"https:\/\/meier-gerdingh.de\/wp-spd-ob\/wp-json\/wp\/v2\/posts\/573","targetHints":{"allow":["GET"]}}],"collection":[{"href":"https:\/\/meier-gerdingh.de\/wp-spd-ob\/wp-json\/wp\/v2\/posts"}],"about":[{"href":"https:\/\/meier-gerdingh.de\/wp-spd-ob\/wp-json\/wp\/v2\/types\/post"}],"author":[{"embeddable":true,"href":"https:\/\/meier-gerdingh.de\/wp-spd-ob\/wp-json\/wp\/v2\/users\/1"}],"replies":[{"embeddable":true,"href":"https:\/\/meier-gerdingh.de\/wp-spd-ob\/wp-json\/wp\/v2\/comments?post=573"}],"version-history":[{"count":0,"href":"https:\/\/meier-gerdingh.de\/wp-spd-ob\/wp-json\/wp\/v2\/posts\/573\/revisions"}],"wp:attachment":[{"href":"https:\/\/meier-gerdingh.de\/wp-spd-ob\/wp-json\/wp\/v2\/media?parent=573"}],"wp:term":[{"taxonomy":"category","embeddable":true,"href":"https:\/\/meier-gerdingh.de\/wp-spd-ob\/wp-json\/wp\/v2\/categories?post=573"},{"taxonomy":"post_tag","embeddable":true,"href":"https:\/\/meier-gerdingh.de\/wp-spd-ob\/wp-json\/wp\/v2\/tags?post=573"},{"taxonomy":"quellen","embeddable":true,"href":"https:\/\/meier-gerdingh.de\/wp-spd-ob\/wp-json\/wp\/v2\/quellen?post=573"}],"curies":[{"name":"wp","href":"https:\/\/api.w.org\/{rel}","templated":true}]}}