{"id":575,"date":"2007-04-10T16:00:00","date_gmt":"2007-04-10T14:00:00","guid":{"rendered":"http:\/\/www.meier-gerdingh.de\/spd-oberhausen\/wp\/?p=575"},"modified":"2017-05-14T15:28:25","modified_gmt":"2017-05-14T13:28:25","slug":"rundfunkgebuehrenbefreiung-fuer-geringverdiener","status":"publish","type":"post","link":"https:\/\/meier-gerdingh.de\/wp-spd-ob\/2007\/04\/10\/rundfunkgebuehrenbefreiung-fuer-geringverdiener\/","title":{"rendered":"Rundfunkgeb\u00fchrenbefreiung f\u00fcr Geringverdiener"},"content":{"rendered":"<div style=\"width: 210px\" class=\"wp-caption alignleft\"><a href=\"http:\/\/meier-gerdingh.de\/wp-spd-ob\/wp-content\/uploads\/landtag_nrw.jpg\"><img decoding=\"async\" class=\"size-full\" src=\"http:\/\/meier-gerdingh.de\/wp-spd-ob\/wp-content\/uploads\/landtag_nrw.jpg\" alt=\"Der Landtag von Nordrhein-Westfalen\" width=\"200\" height=\"160\" \/><\/a><p class=\"wp-caption-text\">Der Landtag von Nordrhein-Westfalen<\/p><\/div>\n<p>&#8222;CDU und FDP blockieren im Landtag in D\u00fcsseldorf eine Verst\u00e4ndigung aller Fraktionen, die Befreiung von Rundfunkgeb\u00fchren f\u00fcr Geringverdiener zu erleichtern. In letzter Minute hat die Regierungskoalition heute einen entsprechenden fraktions\u00fcbergreifenden Antrag verhindert. Viele Menschen in unserer Stadt, die nur \u00fcber ein kleines Einkommen verf\u00fcgen, werden von der schwarz-gelben Koalition im Stich gelassen. Sie m\u00fcssen nun sehen, wo sie das Geld an anderer Stelle einsparen oder eben auf Radio und Fernsehen ganz verzichten. Das ist ein Skandal&#8220;, erkl\u00e4rten die Oberhausener SPD-Landtagsabgeordneten Michael Groschek und Wolfgang Gro\u00dfe Br\u00f6mer.<!--more--><\/p>\n<p>Wir haben im Petitionsausschuss K\u00f6rbe von Eingaben erhalten von Menschen, die sich f\u00fcr eine Geb\u00fchrenbefreiung einsetzen und eine Korrektur des Rundfunkstaatsvertrages fordern. Diese Forderung werde von der SPD-Landtagsfraktion ausdr\u00fccklich unterst\u00fctzt und sei in dem Antrag aufgegriffen worden.<\/p>\n<p>Hintergrund sei der 8. Rundfunk\u00e4nderungsstaatsvertrag vom 1. April 2005, bei dem das Verfahren und die Voraussetzungen zur Befreiung von der Rundfunkgeb\u00fchrenpflicht ge\u00e4ndert wurden, erl\u00e4uterte Groschek. &#8222;Diese Neuregelung hat dazu gef\u00fchrt, dass die Zahl der Befreiungen deutlich gesunken ist, obwohl sich die Einkommenssituation der Betroffenen nicht verbessert hat. Haupts\u00e4chlich betroffen sind Sozialgeld- oder Arbeitslosengeld-II-Bezieher, die einen befristeten Zuschlag erhalten. Hinzu k\u00e4men Personen, deren Einkommen die Bed\u00fcrftigkeitsgrenze knapp \u00fcberschreite, sowie junge Menschen, die ein freiwilliges soziales Jahr absolvierten.<\/p>\n<p>&#8222;Diese engagierten jungen Leute erhalten f\u00fcr ihren Einsatz im Schnitt nur ein monatliches Taschengeld von 150 Euro. Auch f\u00fcr sie ist die Rundfunkgeb\u00fchrenpflicht in H\u00f6he von monatlich rund 17 Euro eine viel zu hohe Belastung. Da muss nachgebessert werden. Die Verweigerung von CDU und FDP ist vor diesem Hintergrund sch\u00e4big&#8220;, betonte Wofgang Gro\u00dfe Br\u00f6mer.<\/p>\n","protected":false},"excerpt":{"rendered":"<p>&#8222;CDU und FDP blockieren im Landtag in D\u00fcsseldorf eine Verst\u00e4ndigung aller Fraktionen, die Befreiung von Rundfunkgeb\u00fchren f\u00fcr Geringverdiener zu erleichtern. In letzter Minute hat die Regierungskoalition heute einen entsprechenden fraktions\u00fcbergreifenden&hellip; <\/p>\n","protected":false},"author":1,"featured_media":0,"comment_status":"closed","ping_status":"closed","sticky":false,"template":"","format":"standard","meta":{"footnotes":""},"categories":[1],"tags":[],"quellen":[],"class_list":["post-575","post","type-post","status-publish","format-standard","hentry","category-allgemein"],"_links":{"self":[{"href":"https:\/\/meier-gerdingh.de\/wp-spd-ob\/wp-json\/wp\/v2\/posts\/575","targetHints":{"allow":["GET"]}}],"collection":[{"href":"https:\/\/meier-gerdingh.de\/wp-spd-ob\/wp-json\/wp\/v2\/posts"}],"about":[{"href":"https:\/\/meier-gerdingh.de\/wp-spd-ob\/wp-json\/wp\/v2\/types\/post"}],"author":[{"embeddable":true,"href":"https:\/\/meier-gerdingh.de\/wp-spd-ob\/wp-json\/wp\/v2\/users\/1"}],"replies":[{"embeddable":true,"href":"https:\/\/meier-gerdingh.de\/wp-spd-ob\/wp-json\/wp\/v2\/comments?post=575"}],"version-history":[{"count":0,"href":"https:\/\/meier-gerdingh.de\/wp-spd-ob\/wp-json\/wp\/v2\/posts\/575\/revisions"}],"wp:attachment":[{"href":"https:\/\/meier-gerdingh.de\/wp-spd-ob\/wp-json\/wp\/v2\/media?parent=575"}],"wp:term":[{"taxonomy":"category","embeddable":true,"href":"https:\/\/meier-gerdingh.de\/wp-spd-ob\/wp-json\/wp\/v2\/categories?post=575"},{"taxonomy":"post_tag","embeddable":true,"href":"https:\/\/meier-gerdingh.de\/wp-spd-ob\/wp-json\/wp\/v2\/tags?post=575"},{"taxonomy":"quellen","embeddable":true,"href":"https:\/\/meier-gerdingh.de\/wp-spd-ob\/wp-json\/wp\/v2\/quellen?post=575"}],"curies":[{"name":"wp","href":"https:\/\/api.w.org\/{rel}","templated":true}]}}