{"id":576,"date":"2007-04-25T16:00:00","date_gmt":"2007-04-25T14:00:00","guid":{"rendered":"http:\/\/www.meier-gerdingh.de\/spd-oberhausen\/wp\/?p=576"},"modified":"2017-05-14T15:28:17","modified_gmt":"2017-05-14T13:28:17","slug":"behindertengerechter-einstieg-an-der-stoag-haltestelle-schmachtendorf-mitte","status":"publish","type":"post","link":"https:\/\/meier-gerdingh.de\/wp-spd-ob\/2007\/04\/25\/behindertengerechter-einstieg-an-der-stoag-haltestelle-schmachtendorf-mitte\/","title":{"rendered":"Behindertengerechter Einstieg an der STOAG-Haltestelle Schmachtendorf-Mitte"},"content":{"rendered":"<div style=\"width: 150px\" class=\"wp-caption alignleft\"><a href=\"http:\/\/meier-gerdingh.de\/wp-spd-ob\/wp-content\/uploads\/kemper_elke.jpg\"><img decoding=\"async\" class=\"size-full\" src=\"http:\/\/meier-gerdingh.de\/wp-spd-ob\/wp-content\/uploads\/kemper_elke.jpg\" alt=\"Elke Kemper ist Mitglied des Rates der Stadt f\u00fcr Schmachtendorf\" width=\"140\" height=\"191\" \/><\/a><p class=\"wp-caption-text\">Elke Kemper ist Mitglied des Rates der Stadt f\u00fcr Schmachtendorf<\/p><\/div>\n<p>&#8222;Was lange w\u00e4hrt, wird endlich gut&#8220;, so bewerten die zust\u00e4ndigen SPD-Stadtverordneten Elke Kemper und Klaus K\u00f6sling, zugleich Fraktionssprecher im Behindertenbeirat, aktuelle Planungen der Verwaltung zur Schmachtendorfer Stra\u00dfe. Danach soll mit einer pragmatischen L\u00f6sung bei der f\u00fcr dieses Jahr sowieso anstehenden Kanalsanierung auch ein behindertengerechtes Ein- und Aussteigen steigen an der f\u00fcr den Stadtteil zentralen \u00d6PNV-Haltestelle Schmachtendorf-Mitte erm\u00f6glicht werden.<!--more--><\/p>\n<p>Hierzu hat die Verwaltung der zust\u00e4ndigen Bezirksvertretung f\u00fcr die morgige Sitzung einen schriftlichen Bericht vorgelegt, der auf Initiative von Kemper und K\u00f6sling noch entscheidend erg\u00e4nzt werden soll: Statt das Niveau der Haltestelle und der umgebenden Platzfl\u00e4che auf Einstiegsh\u00f6he f\u00fcr Niederflurbusse kostentr\u00e4chtig anzupassen, soll demnach ganz einfach die durch den Kanalbau sowieso zu erneuernde Stra\u00dfe um die notwendigen Zentimeter abgesenkt werden.<\/p>\n<p>&#8222;Wir freuen uns sehr, dass die Verwaltung mit dieser wirklich cleveren Idee einen echten Missstand in Schmachtendorf noch in diesem Jahr beseitigen wird,&#8220; sind sich Kemper und K\u00f6sling in der Bewertung einig.<\/p>\n","protected":false},"excerpt":{"rendered":"<p>&#8222;Was lange w\u00e4hrt, wird endlich gut&#8220;, so bewerten die zust\u00e4ndigen SPD-Stadtverordneten Elke Kemper und Klaus K\u00f6sling, zugleich Fraktionssprecher im Behindertenbeirat, aktuelle Planungen der Verwaltung zur Schmachtendorfer Stra\u00dfe. Danach soll mit&hellip; <\/p>\n","protected":false},"author":1,"featured_media":0,"comment_status":"closed","ping_status":"closed","sticky":false,"template":"","format":"standard","meta":{"footnotes":""},"categories":[1],"tags":[],"quellen":[],"class_list":["post-576","post","type-post","status-publish","format-standard","hentry","category-allgemein"],"_links":{"self":[{"href":"https:\/\/meier-gerdingh.de\/wp-spd-ob\/wp-json\/wp\/v2\/posts\/576","targetHints":{"allow":["GET"]}}],"collection":[{"href":"https:\/\/meier-gerdingh.de\/wp-spd-ob\/wp-json\/wp\/v2\/posts"}],"about":[{"href":"https:\/\/meier-gerdingh.de\/wp-spd-ob\/wp-json\/wp\/v2\/types\/post"}],"author":[{"embeddable":true,"href":"https:\/\/meier-gerdingh.de\/wp-spd-ob\/wp-json\/wp\/v2\/users\/1"}],"replies":[{"embeddable":true,"href":"https:\/\/meier-gerdingh.de\/wp-spd-ob\/wp-json\/wp\/v2\/comments?post=576"}],"version-history":[{"count":0,"href":"https:\/\/meier-gerdingh.de\/wp-spd-ob\/wp-json\/wp\/v2\/posts\/576\/revisions"}],"wp:attachment":[{"href":"https:\/\/meier-gerdingh.de\/wp-spd-ob\/wp-json\/wp\/v2\/media?parent=576"}],"wp:term":[{"taxonomy":"category","embeddable":true,"href":"https:\/\/meier-gerdingh.de\/wp-spd-ob\/wp-json\/wp\/v2\/categories?post=576"},{"taxonomy":"post_tag","embeddable":true,"href":"https:\/\/meier-gerdingh.de\/wp-spd-ob\/wp-json\/wp\/v2\/tags?post=576"},{"taxonomy":"quellen","embeddable":true,"href":"https:\/\/meier-gerdingh.de\/wp-spd-ob\/wp-json\/wp\/v2\/quellen?post=576"}],"curies":[{"name":"wp","href":"https:\/\/api.w.org\/{rel}","templated":true}]}}