{"id":5790,"date":"2018-11-08T18:31:34","date_gmt":"2018-11-08T17:31:34","guid":{"rendered":"https:\/\/meier-gerdingh.de\/wp-spd-ob\/?p=5790"},"modified":"2018-11-08T18:31:34","modified_gmt":"2018-11-08T17:31:34","slug":"bundestag-beschliesst-teilhabechancengesetz","status":"publish","type":"post","link":"https:\/\/meier-gerdingh.de\/wp-spd-ob\/2018\/11\/08\/bundestag-beschliesst-teilhabechancengesetz\/","title":{"rendered":"Bundestag beschlie\u00dft Teilhabechancengesetz"},"content":{"rendered":"<p><a href=\"https:\/\/meier-gerdingh.de\/wp-spd-ob\/wp-content\/uploads\/2018\/11\/sozialerarbeitsmarkt_2.png\"><img decoding=\"async\" class=\"aligncenter size-full wp-image-5787\" src=\"https:\/\/meier-gerdingh.de\/wp-spd-ob\/wp-content\/uploads\/2018\/11\/sozialerarbeitsmarkt_2.png\" alt=\"\" width=\"1000\" height=\"667\" srcset=\"https:\/\/meier-gerdingh.de\/wp-spd-ob\/wp-content\/uploads\/2018\/11\/sozialerarbeitsmarkt_2.png 1000w, https:\/\/meier-gerdingh.de\/wp-spd-ob\/wp-content\/uploads\/2018\/11\/sozialerarbeitsmarkt_2-300x200.png 300w, https:\/\/meier-gerdingh.de\/wp-spd-ob\/wp-content\/uploads\/2018\/11\/sozialerarbeitsmarkt_2-768x512.png 768w\" sizes=\"(max-width: 1000px) 100vw, 1000px\" \/><\/a><em>Der Deutsche Bundestag hat heute das Teilhabechancengesetz beschlossen. <\/em><\/p>\n<div id=\"attachment_1681\" style=\"width: 150px\" class=\"wp-caption alignleft\"><a href=\"https:\/\/meier-gerdingh.de\/wp-spd-ob\/wp-content\/uploads\/voepel_dirk_mdb.jpg\"><img aria-describedby=\"caption-attachment-1681\" decoding=\"async\" class=\"size-full wp-image-1681\" src=\"https:\/\/meier-gerdingh.de\/wp-spd-ob\/wp-content\/uploads\/voepel_dirk_mdb.jpg\" alt=\"\" width=\"140\" height=\"180\" \/><\/a><p id=\"caption-attachment-1681\" class=\"wp-caption-text\">Dirk V\u00f6pel ist Bundestagsabgeordneter f\u00fcr Oberhausen und Dinslaken und Vorsitzender der Oberhausener SPD<\/p><\/div>\n<p>&#8222;Oberhausen ist besonders von hoher Langzeitarbeitslosigkeit betroffen. Der jahrelange Einsatz der SPD f\u00fcr einen Sozialen Arbeitsmarkt hat sich gelohnt. Wir k\u00f6nnen den Menschen endlich neue Perspektiven geben&#8220;, sagt MdB Dirk V\u00f6pel.<\/p>\n<p>Zum 1. Januar 2019 wird der Soziale Arbeitsmarkt ein Regelinstrument, der Bund wird daf\u00fcr 4 Milliarden Euro bereitstellen. Eine F\u00f6rderung \u00fcber den Sozialen Arbeitsmarkt wird f\u00fcr 5 Jahre wirken. In den ersten zwei Jahren erhalten heimische Firmen, die Wohlfahrtsverb\u00e4nde und St\u00e4dte Lohnkostenzusch\u00fcsse von 100 Prozent. Diese schmelzen bis zum 5. F\u00f6rderjahr auf 70% ab.<!--more--><\/p>\n<p><a href=\"https:\/\/meier-gerdingh.de\/wp-spd-ob\/wp-content\/uploads\/2018\/11\/sozialerarbeitsmarkt_4.png\"><img decoding=\"async\" class=\"aligncenter size-full wp-image-5789\" src=\"https:\/\/meier-gerdingh.de\/wp-spd-ob\/wp-content\/uploads\/2018\/11\/sozialerarbeitsmarkt_4.png\" alt=\"\" width=\"1000\" height=\"667\" srcset=\"https:\/\/meier-gerdingh.de\/wp-spd-ob\/wp-content\/uploads\/2018\/11\/sozialerarbeitsmarkt_4.png 1000w, https:\/\/meier-gerdingh.de\/wp-spd-ob\/wp-content\/uploads\/2018\/11\/sozialerarbeitsmarkt_4-300x200.png 300w, https:\/\/meier-gerdingh.de\/wp-spd-ob\/wp-content\/uploads\/2018\/11\/sozialerarbeitsmarkt_4-768x512.png 768w\" sizes=\"(max-width: 1000px) 100vw, 1000px\" \/><\/a><br \/>\nWir Ruhr-SPD-Bundestagsabgeordneten hatten am 29. Oktober alle Leiterinnen und Leiter von Jobcentern und Arbeitsagenturen aus dem Ruhrgebiet zu einem Gespr\u00e4ch mit Bundesarbeitsminister Hubertus Heil eingeladen und die R\u00fcckmeldungen mit in die parlamentarischen Beratungen einflie\u00dfen lassen. Auf den letzten Metern des Gesetzgebungsverfahrens konnte die SPD jetzt noch CDU\/CSU und NRW-Arbeitsminister Laumann zu deutlichen Verbesserungen bewegen.<\/p>\n<p>V\u00f6pel betont: &#8222;F\u00fcr uns in Oberhausen ist vor allem wichtig, dass alle Jobs auf dem Sozialen Arbeitsmarkt nach Tarif bezahlt werden. Im Gegensatz zu St\u00e4dten in anderen Landesteilen h\u00e4tten wir bei uns in Oberhausen die L\u00fccke zum Mindestlohn nicht allein schlie\u00dfen k\u00f6nnen&#8220;.<\/p>\n<p>Teilnehmen k\u00f6nnen zudem jetzt alle Langzeitarbeitslosen, die in den vergangenen 7 Jahren 6 Jahre Leistungen vom Jobcenter bezogen haben. Au\u00dferdem profitieren Menschen mit Behinderungen und Bedarfsgemeinschaften mit Kindern bereits nach 5 Jahren vom Sozialen Arbeitsmarkt.<\/p>\n<p><a href=\"https:\/\/meier-gerdingh.de\/wp-spd-ob\/wp-content\/uploads\/2018\/11\/sozialerarbeitsmarkt_3.png\"><img decoding=\"async\" class=\"aligncenter size-large wp-image-5788\" src=\"https:\/\/meier-gerdingh.de\/wp-spd-ob\/wp-content\/uploads\/2018\/11\/sozialerarbeitsmarkt_3-1024x683.png\" alt=\"\" width=\"700\" height=\"467\" srcset=\"https:\/\/meier-gerdingh.de\/wp-spd-ob\/wp-content\/uploads\/2018\/11\/sozialerarbeitsmarkt_3-1024x683.png 1024w, https:\/\/meier-gerdingh.de\/wp-spd-ob\/wp-content\/uploads\/2018\/11\/sozialerarbeitsmarkt_3-300x200.png 300w, https:\/\/meier-gerdingh.de\/wp-spd-ob\/wp-content\/uploads\/2018\/11\/sozialerarbeitsmarkt_3-768x512.png 768w, https:\/\/meier-gerdingh.de\/wp-spd-ob\/wp-content\/uploads\/2018\/11\/sozialerarbeitsmarkt_3.png 1800w\" sizes=\"(max-width: 700px) 100vw, 700px\" \/><\/a>&#8222;Dank dieser Verbesserungen kann der Soziale Arbeitsmarkt auch bei den Menschen in Oberhausen ankommen. Das ist ein gro\u00dfer sozialpolitischer Schritt, der viele Menschen wieder st\u00e4rker in unsere Gesellschaft integrieren kann. Das ist wichtig f\u00fcr diese Menschen, unser Gemeinwohl und den Zusammenhalt in unserem Land und im Ruhrgebiet&#8220;, so V\u00f6pel.<\/p>\n<p>2019 stehen dem Jobcenter in Oberhausen rund 4,1 Millionen Euro mehr f\u00fcr die Vermittlung von Langzeitarbeitslosen zur Verf\u00fcgung als im Jahr 2018. Das hat das Bundesministerium f\u00fcr Arbeit und Soziales Dirk V\u00f6pel mitgeteilt.<\/p>\n<p>&#8222;F\u00fcr die Langzeitarbeitslosen ist das ein echtes Plus. Damit k\u00f6nnen die Jobcenter ihnen zielgenau helfen und sie besser in Arbeit vermitteln. Das gibt es nur, weil die SPD in der Regierung ist.&#8220;<\/p>\n","protected":false},"excerpt":{"rendered":"<p>Der Deutsche Bundestag hat heute das Teilhabechancengesetz beschlossen. &#8222;Oberhausen ist besonders von hoher Langzeitarbeitslosigkeit betroffen. Der jahrelange Einsatz der SPD f\u00fcr einen Sozialen Arbeitsmarkt hat sich gelohnt. Wir k\u00f6nnen den&hellip; <\/p>\n","protected":false},"author":1,"featured_media":0,"comment_status":"closed","ping_status":"closed","sticky":false,"template":"","format":"standard","meta":{"footnotes":""},"categories":[174],"tags":[1594,18,1632,431,1686,293,740,1646],"quellen":[330],"class_list":["post-5790","post","type-post","status-publish","format-standard","hentry","category-arbeit-und-soziales","tag-arbeitslosigkeit","tag-arbeitsmarkt","tag-jobcenter","tag-langzeitarbeitslosigkeit","tag-lohnkostenzuschuesse","tag-mindestlohn","tag-sozialer-arbeitsmarkt","tag-tariflohn","quellen-mdb-dirk-voepel"],"_links":{"self":[{"href":"https:\/\/meier-gerdingh.de\/wp-spd-ob\/wp-json\/wp\/v2\/posts\/5790","targetHints":{"allow":["GET"]}}],"collection":[{"href":"https:\/\/meier-gerdingh.de\/wp-spd-ob\/wp-json\/wp\/v2\/posts"}],"about":[{"href":"https:\/\/meier-gerdingh.de\/wp-spd-ob\/wp-json\/wp\/v2\/types\/post"}],"author":[{"embeddable":true,"href":"https:\/\/meier-gerdingh.de\/wp-spd-ob\/wp-json\/wp\/v2\/users\/1"}],"replies":[{"embeddable":true,"href":"https:\/\/meier-gerdingh.de\/wp-spd-ob\/wp-json\/wp\/v2\/comments?post=5790"}],"version-history":[{"count":0,"href":"https:\/\/meier-gerdingh.de\/wp-spd-ob\/wp-json\/wp\/v2\/posts\/5790\/revisions"}],"wp:attachment":[{"href":"https:\/\/meier-gerdingh.de\/wp-spd-ob\/wp-json\/wp\/v2\/media?parent=5790"}],"wp:term":[{"taxonomy":"category","embeddable":true,"href":"https:\/\/meier-gerdingh.de\/wp-spd-ob\/wp-json\/wp\/v2\/categories?post=5790"},{"taxonomy":"post_tag","embeddable":true,"href":"https:\/\/meier-gerdingh.de\/wp-spd-ob\/wp-json\/wp\/v2\/tags?post=5790"},{"taxonomy":"quellen","embeddable":true,"href":"https:\/\/meier-gerdingh.de\/wp-spd-ob\/wp-json\/wp\/v2\/quellen?post=5790"}],"curies":[{"name":"wp","href":"https:\/\/api.w.org\/{rel}","templated":true}]}}