{"id":5794,"date":"2018-11-07T17:51:47","date_gmt":"2018-11-07T16:51:47","guid":{"rendered":"https:\/\/meier-gerdingh.de\/wp-spd-ob\/?p=5794"},"modified":"2018-11-09T18:03:53","modified_gmt":"2018-11-09T17:03:53","slug":"zusaetzlich-74-millionen-euro-fuer-oberhausen","status":"publish","type":"post","link":"https:\/\/meier-gerdingh.de\/wp-spd-ob\/2018\/11\/07\/zusaetzlich-74-millionen-euro-fuer-oberhausen\/","title":{"rendered":"Zus\u00e4tzlich 7,4 Millionen Euro f\u00fcr Oberhausen"},"content":{"rendered":"<div id=\"attachment_4242\" style=\"width: 150px\" class=\"wp-caption alignleft\"><a href=\"https:\/\/meier-gerdingh.de\/wp-spd-ob\/wp-content\/uploads\/2017\/05\/zimkeit_stefan_17.jpg\"><img aria-describedby=\"caption-attachment-4242\" decoding=\"async\" class=\"size-full wp-image-4242\" src=\"https:\/\/meier-gerdingh.de\/wp-spd-ob\/wp-content\/uploads\/2017\/05\/zimkeit_stefan_17.jpg\" alt=\"\" width=\"140\" height=\"192\" \/><\/a><p id=\"caption-attachment-4242\" class=\"wp-caption-text\">Stefan Zimkeit ist Landtagsabgeordneter f\u00fcr Oberhausen-Sterkrade und Dinslaken sowie finanzpolitischer Sprecher der SPD-Landtagsfraktion<\/p><\/div>\n<p>&#8222;Im Sozialen Arbeitsmarkt k\u00f6nnen Tarifl\u00f6hne gezahlt werden, und nicht nur der Mindestlohn&#8220;, freut sich Stefan Zimkeit \u00fcber einen Erfolg, den die SPD in den Verhandlungen mit der CDU\/CSU erzielen konnte. &#8222;Der Tariflohn war der einhellige Wunsch aller Fachleute, die zu der Diskussion mit Arbeitsstaatssekret\u00e4rin Kerstin Griese gekommen waren, zu der ich eingeladen hatte.&#8220;<\/p>\n<p>Griese habe verspochen, diese von Arbeitsagentur, Jobcenter, Sozialverb\u00e4nden und Gewerkschaften ge\u00e4u\u00dferte Forderung mit nach Berlin zu nehmen. &#8222;Dass das jetzt tats\u00e4chlich umgesetzt wird, ist ein gro\u00dfer Erfolg&#8220;, so Zimkeit.<!--more--><\/p>\n<p>&#8222;Der Tariflohn ist die Voraussetzung daf\u00fcr, dass St\u00e4dte, Wohlfahrtsverb\u00e4nde und tarifgebundene Unternehmen Jobs f\u00fcr Langzeitarbeitslose bereitstellen.&#8220; Nur so sei sichergestellt, dass der Soziale Arbeitsmarkt tats\u00e4chlich funktionieren kann.<\/p>\n<p>Stefan Zimkeit begr\u00fc\u00dft es, dass das SPD-gef\u00fchrte Bundesarbeitsministerium dem Oberhausener Jobcenter im n\u00e4chsten Jahr zus\u00e4tzliche 7,4 Millionen Euro zur Verf\u00fcgung stellen m\u00f6chte, um Menschen in Arbeit zu bringen. Daf\u00fcr sorge ein neuer &#8222;Strukturindikator&#8220;, der die Zahl der Langzeitarbeitslosen und so die spezifischen Sorgen des Ruhrgebiets ber\u00fccksichtigt, erl\u00e4utert der SPD-Finanzexperte.<\/p>\n<p>&#8222;Wer seit sechs Jahren arbeitslos ist, kann durch den Sozialen Arbeitsmarkt einen Job finden, f\u00fcr den zun\u00e4chst 100 Prozent der Lohnkosten \u00fcbernommen werden&#8220;, sagt Zimkeit. &#8222;Im urspr\u00fcnglichen Gesetzentwurf war von sieben Jahren die Rede, das hat die SPD auf sechs Jahre verk\u00fcrzen k\u00f6nnen. Arbeitslose mit Kindern und Menschen mit Behinderungen k\u00f6nnen sogar schon nach f\u00fcnf Jahren gef\u00f6rdert werden&#8220;, so Stefan Zimkeit.<\/p>\n<p>Es sei besser, Arbeit statt Arbeitslosigkeit zu finanzieren, ist der Sozialdemokrat \u00fcberzeugt. &#8222;Es muss alles getan werden, um Langzeitarbeitslosen den Weg in eine Besch\u00e4ftigung zu bahnen.&#8220; Damit das funktioniert, werde f\u00fcr eine umfassende Unterst\u00fctzung und Betreuung gesorgt.&#8220;<\/p>\n","protected":false},"excerpt":{"rendered":"<p>&#8222;Im Sozialen Arbeitsmarkt k\u00f6nnen Tarifl\u00f6hne gezahlt werden, und nicht nur der Mindestlohn&#8220;, freut sich Stefan Zimkeit \u00fcber einen Erfolg, den die SPD in den Verhandlungen mit der CDU\/CSU erzielen konnte.&hellip; <\/p>\n","protected":false},"author":1,"featured_media":0,"comment_status":"closed","ping_status":"closed","sticky":false,"template":"","format":"standard","meta":{"footnotes":""},"categories":[174],"tags":[1594,18,1632,431,1686,293,1306,740,1646],"quellen":[331],"class_list":["post-5794","post","type-post","status-publish","format-standard","hentry","category-arbeit-und-soziales","tag-arbeitslosigkeit","tag-arbeitsmarkt","tag-jobcenter","tag-langzeitarbeitslosigkeit","tag-lohnkostenzuschuesse","tag-mindestlohn","tag-ruhrgebiet","tag-sozialer-arbeitsmarkt","tag-tariflohn","quellen-mdl-stefan-zimkeit"],"_links":{"self":[{"href":"https:\/\/meier-gerdingh.de\/wp-spd-ob\/wp-json\/wp\/v2\/posts\/5794","targetHints":{"allow":["GET"]}}],"collection":[{"href":"https:\/\/meier-gerdingh.de\/wp-spd-ob\/wp-json\/wp\/v2\/posts"}],"about":[{"href":"https:\/\/meier-gerdingh.de\/wp-spd-ob\/wp-json\/wp\/v2\/types\/post"}],"author":[{"embeddable":true,"href":"https:\/\/meier-gerdingh.de\/wp-spd-ob\/wp-json\/wp\/v2\/users\/1"}],"replies":[{"embeddable":true,"href":"https:\/\/meier-gerdingh.de\/wp-spd-ob\/wp-json\/wp\/v2\/comments?post=5794"}],"version-history":[{"count":0,"href":"https:\/\/meier-gerdingh.de\/wp-spd-ob\/wp-json\/wp\/v2\/posts\/5794\/revisions"}],"wp:attachment":[{"href":"https:\/\/meier-gerdingh.de\/wp-spd-ob\/wp-json\/wp\/v2\/media?parent=5794"}],"wp:term":[{"taxonomy":"category","embeddable":true,"href":"https:\/\/meier-gerdingh.de\/wp-spd-ob\/wp-json\/wp\/v2\/categories?post=5794"},{"taxonomy":"post_tag","embeddable":true,"href":"https:\/\/meier-gerdingh.de\/wp-spd-ob\/wp-json\/wp\/v2\/tags?post=5794"},{"taxonomy":"quellen","embeddable":true,"href":"https:\/\/meier-gerdingh.de\/wp-spd-ob\/wp-json\/wp\/v2\/quellen?post=5794"}],"curies":[{"name":"wp","href":"https:\/\/api.w.org\/{rel}","templated":true}]}}